{"id":9764,"date":"2016-01-15T15:20:45","date_gmt":"2016-01-15T14:20:45","guid":{"rendered":"http:\/\/www.conselharan.org\/ca\/?p=9764"},"modified":"2016-01-15T15:20:45","modified_gmt":"2016-01-15T14:20:45","slug":"la-val-daran-rebra-en-fitur-lacreditacio-pel-seu-treball-com-a-destinacio-turistica-intel%e2%80%a2ligent","status":"publish","type":"post","link":"https:\/\/www.conselharan.org\/ca\/la-val-daran-rebra-en-fitur-lacreditacio-pel-seu-treball-com-a-destinacio-turistica-intel%e2%80%a2ligent\/","title":{"rendered":"La Val d\u2019Aran rebr\u00e0 en FITUR l&#8217;acreditaci\u00f3 pel seu treball com a Destinaci\u00f3 Tur\u00edstica Intel\u2022ligent"},"content":{"rendered":"<p>\u2022 <strong>El distintiu ho lliurar\u00e0 la Secretaria d&#8217;Estat de Turisme el dijous 21 de gener en el marc de FITUR i es presentaran les l\u00ednies generals dels informes de Destinacions Tur\u00edstiques Intel\u2022ligents (DTIs).<\/strong><\/p>\n<p><strong>\u2022 Des del mes de juny de 2015 la Societat Estatal per a la Gesti\u00f3 de la Innovaci\u00f3 i les Tecnologies Tur\u00edstiques (SEGITTUR), dependent del Ministeri d&#8217;Ind\u00fastria, Energia i Turisme, i adscrita a la Secretaria d&#8217;Estat de Turisme, ha analitzat, diagnosticat i identificat les l\u00ednies d&#8217;actuaci\u00f3 de la Val d\u2019Aran com a destinaci\u00f3 tur\u00edstica a les \u00e0rees de sostenibilitat, innovaci\u00f3, noves tecnologies i accessibilitat.<\/strong><\/p>\n<p>&nbsp;<\/p>\n<p><a href=\"http:\/\/www.conselharan.org\/wp-content\/uploads\/2016\/01\/GUIA-PAG-80-Y-81-TUN\u00c8U-DETH-TRENET-DES-MINES-DURETS-AC-DESS\u00daS-DETH-ESTANH-DE-MONTOLIU.jpg\"><img loading=\"lazy\" decoding=\"async\" class=\"aligncenter size-full wp-image-9762\" src=\"http:\/\/www.conselharan.org\/wp-content\/uploads\/2016\/01\/GUIA-PAG-80-Y-81-TUN\u00c8U-DETH-TRENET-DES-MINES-DURETS-AC-DESS\u00daS-DETH-ESTANH-DE-MONTOLIU.jpg\" alt=\"GUIA PAG 80 Y 81 TUN\u00c8U DETH TRENET DES MINES D'URETS AC DESS\u00daS DETH ESTANH DE MONTOLIU\" width=\"1022\" height=\"681\" srcset=\"https:\/\/www.conselharan.org\/wp-content\/uploads\/2016\/01\/GUIA-PAG-80-Y-81-TUN\u00c8U-DETH-TRENET-DES-MINES-DURETS-AC-DESS\u00daS-DETH-ESTANH-DE-MONTOLIU.jpg 1022w, https:\/\/www.conselharan.org\/wp-content\/uploads\/2016\/01\/GUIA-PAG-80-Y-81-TUN\u00c8U-DETH-TRENET-DES-MINES-DURETS-AC-DESS\u00daS-DETH-ESTANH-DE-MONTOLIU-300x200.jpg 300w\" sizes=\"(max-width: 1022px) 100vw, 1022px\" \/><\/a><\/p>\n<p>El reconeixement de Destinaci\u00f3 Tur\u00edstica Intel\u2022ligent avala la incorporaci\u00f3 al model tur\u00edstic de la Val d\u2019Aran el treball en innovaci\u00f3, tecnologia, sostenibilitat i accessibilitat, quatre factors competitius que garanteixen el present i el futur del turisme en la Val d\u2019Aran.<\/p>\n<p>SEGITTUR va iniciar el treball DTI en la Val d\u2019Aran en el mes de juny, i ha consistit a analitzar i diagnosticar les l\u00ednies d&#8217;actuaci\u00f3 realitzades a Aran com a destinaci\u00f3 en les quatre variables que defineixen a una Destinaci\u00f3 Tur\u00edstica Intel\u2022ligent, la fase final ha consistit en l&#8217;elaboraci\u00f3 d&#8217;un informe de recomanacions que es van a integrar com a programes espec\u00edfics en el nou Pla de Turisme Val d\u2019Aran 2016-2020 que en l&#8217;actualitat s&#8217;est\u00e0 elaborant i que es presentar\u00e0 al sector tur\u00edstic de la Val d\u2019Aran en el mes de febrer.<\/p>\n<p>L&#8217;anterior pla de turisme 2012-2015 de la Val d\u2019Aran culmina amb l&#8217;obtenci\u00f3 d&#8217;aquest reconeixement que s&#8217;enquadra al programa de competitivitat del pla i a trav\u00e9s de qual s&#8217;han desenvolupat diferents l\u00ednies de treball que han aconseguit que Aran rebi diferents certificacions i reconeixements, entre els quals destaquen el de destinaci\u00f3 sostenible <em><strong>Biosphere<\/strong><\/em> atorgat pel <em><strong>Global Sustainable Tourism Council de la Fundaci\u00f3n Naciones Unidas<\/strong><\/em>, finalista en els Destination Leadership atorgats per la <em><strong>National Geographic Society i la ITB de Berl\u00edn<\/strong><\/em>, i aquest \u00faltim pel seu treball com a <strong>Destinaci\u00f3 Tur\u00edstica Intel\u2022ligent<\/strong> (projecte impulsat pel Ministeri d&#8217;Ind\u00fastria, Energia i Turisme, a trav\u00e9s del Pla Nacional i Integral de Turisme 2012-2015).<\/p>\n<p>La Val d\u2019Aran ha estat un dels projectes pilot desenvolupats per SEGITTUR i que ha consistit a analitzar i recomanar actuacions en els quatre eixos que conformen un DTI: innovaci\u00f3, tecnologia, sostenibilitat i accessibilitat. L&#8217;informe recull tota la informaci\u00f3 necess\u00e0ria sobre les fonts de finan\u00e7ament que facilitin el desenvolupament de les actuacions i que ofereixen tant el Ministeri d&#8217;Ind\u00fastria, Energia i Turisme, a trav\u00e9s del Pla Nacional de Ciutats Intel\u2022ligents, Emprendetur i el FOMIT, com a la Uni\u00f3 Europea, mitjan\u00e7ant els fons FEDER.<\/p>\n<p>Des del Gov\u00e8rn d\u2019Aran s&#8217;han realitzat sessions informatives a empresaris i institucions araneses per explicar el significat de les Destinacions Tur\u00edstiques Intel\u2022ligents. En paraules de la conselh\u00e8ra de Turisme i Desenvolupament Econ\u00f2mic d&#8217;Aran,<strong> Anna D\u00edaz \u201cuna Smart Destination \u00e9s una destinaci\u00f3 innovadora, que treballa a consolidar la seva infraestructura tecnol\u00f2gica i que garanteix el desenvolupament sostenible del territori. Facilita la interacci\u00f3 i integraci\u00f3 del visitant amb l&#8217;entorn i incrementa la qualitat de la seva experi\u00e8ncia\u201d. D\u00edaz<\/strong> ha afegit <strong>\u201cla Val d&#8217;Aran, \u00e9s una destinaci\u00f3 tur\u00edstica competitiva que ofereix serveis de qualitat a qualsevol perfil de viatger\u201d.<\/strong><\/p>\n<p>\u201c<strong>Amb la implantaci\u00f3 del Sistema de Turisme Responsable i l&#8217;obtenci\u00f3 del certificat Biosphere, la Val d\u2019Aran avan\u00e7a cap a un nou model de desenvolupament tur\u00edstic basat en els principis de la sostenibilitat, la diversitat cultural i la responsabilitat social, la qual cosa contribueix al fet que la Val d\u2019Aran sigui una destinaci\u00f3 tur\u00edstica basada en el respecte de la seva cultura, el medi ambient i la responsabilitat\u201d<\/strong> ha subratllat la conselh\u00e8ra de Turisme i Desenvolupament Econ\u00f2mic d&#8217;Aran, <strong>Anna D\u00edaz.<\/strong><\/p>\n<p><strong>El reconeixement ho lliurar\u00e0 la secret\u00e0ria d&#8217;Estat de Turisme, Isabel Mar\u00eda Borrego, i ho recollir\u00e0 la conselh\u00e8ra de Turisme i Desenvolupament Econ\u00f2mic d&#8217;Aran, Anna D\u00edaz, l&#8217;acte ser\u00e0 el dijous 21 de gener, de 15h00 a 15h30h, a l&#8217;Auditori de l&#8217;\u00e0rea \u201cFitur Know-how &amp; Export\u201d, situat en el Pavell\u00f3 10-B21 d&#8217;IFEMA.<\/strong><\/p>\n<p>&nbsp;<\/p>\n<p>Vielha, 15 de gener de 2016<\/p>\n<p>&nbsp;<\/p>\n<p>Conselh Generau d&#8217;Aran: N\u00faria Sanjuan<\/p>\n ","protected":false},"excerpt":{"rendered":"<p>\u2022 El distintiu ho lliurar\u00e0 la Secretaria d&#8217;Estat de Turisme el dijous 21 de gener en el marc de FITUR i es presentaran les l\u00ednies generals dels informes de Destinacions Tur\u00edstiques Intel\u2022ligents (DTIs). \u2022 Des del mes de juny de 2015 la Societat Estatal per a la Gesti\u00f3 de la Innovaci\u00f3 i les Tecnologies Tur\u00edstiques&#8230;<\/p>\n","protected":false},"author":2,"featured_media":9762,"comment_status":"closed","ping_status":"closed","sticky":false,"template":"","format":"standard","meta":{"footnotes":""},"categories":[31,53,36],"tags":[],"_links":{"self":[{"href":"https:\/\/www.conselharan.org\/ca\/wp-json\/wp\/v2\/posts\/9764"}],"collection":[{"href":"https:\/\/www.conselharan.org\/ca\/wp-json\/wp\/v2\/posts"}],"about":[{"href":"https:\/\/www.conselharan.org\/ca\/wp-json\/wp\/v2\/types\/post"}],"author":[{"embeddable":true,"href":"https:\/\/www.conselharan.org\/ca\/wp-json\/wp\/v2\/users\/2"}],"replies":[{"embeddable":true,"href":"https:\/\/www.conselharan.org\/ca\/wp-json\/wp\/v2\/comments?post=9764"}],"version-history":[{"count":1,"href":"https:\/\/www.conselharan.org\/ca\/wp-json\/wp\/v2\/posts\/9764\/revisions"}],"predecessor-version":[{"id":9765,"href":"https:\/\/www.conselharan.org\/ca\/wp-json\/wp\/v2\/posts\/9764\/revisions\/9765"}],"wp:featuredmedia":[{"embeddable":true,"href":"https:\/\/www.conselharan.org\/ca\/wp-json\/wp\/v2\/media\/9762"}],"wp:attachment":[{"href":"https:\/\/www.conselharan.org\/ca\/wp-json\/wp\/v2\/media?parent=9764"}],"wp:term":[{"taxonomy":"category","embeddable":true,"href":"https:\/\/www.conselharan.org\/ca\/wp-json\/wp\/v2\/categories?post=9764"},{"taxonomy":"post_tag","embeddable":true,"href":"https:\/\/www.conselharan.org\/ca\/wp-json\/wp\/v2\/tags?post=9764"}],"curies":[{"name":"wp","href":"https:\/\/api.w.org\/{rel}","templated":true}]}}