{"id":9993,"date":"2016-02-03T11:32:43","date_gmt":"2016-02-03T10:32:43","guid":{"rendered":"http:\/\/www.conselharan.org\/ca\/?p=9993"},"modified":"2016-02-03T11:32:51","modified_gmt":"2016-02-03T10:32:51","slug":"alide-sans-nominada-en-els-premis-enderrock","status":"publish","type":"post","link":"https:\/\/www.conselharan.org\/ca\/alide-sans-nominada-en-els-premis-enderrock\/","title":{"rendered":"Alid\u00e9 Sans nominada en els premis Enderrock"},"content":{"rendered":"<p><a href=\"http:\/\/www.conselharan.org\/wp-content\/uploads\/2016\/02\/alid\u00e9-sans.jpg\"><img loading=\"lazy\" decoding=\"async\" class=\"aligncenter size-full wp-image-9990\" src=\"http:\/\/www.conselharan.org\/wp-content\/uploads\/2016\/02\/alid\u00e9-sans.jpg\" alt=\"alid\u00e9 sans\" width=\"846\" height=\"626\" srcset=\"https:\/\/www.conselharan.org\/wp-content\/uploads\/2016\/02\/alid\u00e9-sans.jpg 846w, https:\/\/www.conselharan.org\/wp-content\/uploads\/2016\/02\/alid\u00e9-sans-300x222.jpg 300w\" sizes=\"(max-width: 846px) 100vw, 846px\" \/><\/a><\/p>\n<p>La m\u00fasica aranesa, <strong>Alid\u00e9 Sans<\/strong>, ha estat nominada com &#8220;MILLOR ARTISTA EN ALTRES LLENG\u00dcES DEL 2015&#8221; en els premis <strong>ENDERROCK 2016<\/strong>, a nivell de tot Catalunya.<\/p>\n<p>Actualment \u00e9s la segona volta de votacions, i Alid\u00e9 es troba entre artistes com: Love of Lesbian, Estopa, Ramon Mirabet, La Ra\u00edz, N\u00faria Graham&#8230;<\/p>\n<p>El guanyador es decidir\u00e0 per votaci\u00f3 popular. <strong>La data l\u00edmit \u00e9s el 9 de febrer<\/strong>.<\/p>\n<p><strong>Alid\u00e9 Sans<\/strong> ha manifestat <strong>\u201cvull compartir que nom\u00e9s formar part d&#8217;aquesta llista ja \u00e9s tot un reconeixement, no nom\u00e9s per mi, sin\u00f3 tamb\u00e9 per la nostra llengua! Significa la introducci\u00f3 de l&#8217;aran\u00e8s en l&#8217;escena de la m\u00fasica catalana, la seva pres\u00e8ncia en la xarxa social cultural. Llengua minorit\u00e0ria, m\u00e9s oficial en aquest territori. Som pocs per\u00f2 hi som i hi serem! I nom\u00e9s aix\u00f2, ja \u00e9s una benedicci\u00f3.\u201d<\/strong><\/p>\n<p>Si voleu votar:<\/p>\n<p><a href=\"http:\/\/www.conselharan.org\/wp-content\/uploads\/2016\/02\/votacion-enderrock-2016.jpg\"><img loading=\"lazy\" decoding=\"async\" class=\"aligncenter size-full wp-image-9991\" src=\"http:\/\/www.conselharan.org\/wp-content\/uploads\/2016\/02\/votacion-enderrock-2016.jpg\" alt=\"votacion enderrock 2016\" width=\"679\" height=\"960\" srcset=\"https:\/\/www.conselharan.org\/wp-content\/uploads\/2016\/02\/votacion-enderrock-2016.jpg 679w, https:\/\/www.conselharan.org\/wp-content\/uploads\/2016\/02\/votacion-enderrock-2016-212x300.jpg 212w\" sizes=\"(max-width: 679px) 100vw, 679px\" \/><\/a><\/p>\n<p>&nbsp;<\/p>\n<p>\u2022 El vostre VOT! (Germans, amics, cosins&#8230;)<\/p>\n<p>En la imatge s&#8217;expliquen els passos per seguir.<\/p>\n<p>N&#8217;hi ha prou amb escriure l&#8217;adre\u00e7a electr\u00f2nica, no cal posar el tel\u00e8fon ni facebook, twitter&#8230;<\/p>\n<p>\u2022 COMPARTIR aquesta publicaci\u00f3!<\/p>\n<p>&nbsp;<\/p>\n<p>Us deixem un link per escoltar -la: <strong>\u00a0<a href=\"https:\/\/www.youtube.com\/watch?v=-DKVbvWL0FE\" target=\"_blank\">https:\/\/www.youtube.com\/watch?v=-DKVbvWL0FE<\/a>\u00a0<\/strong><\/p>\n<p>&nbsp;<\/p>\n<p>&nbsp;<\/p>\n<p>Vielha, 3 de febrer de 2016<\/p>\n<p>&nbsp;<\/p>\n<p>&nbsp;<\/p>\n<p><em>Conselh Generau d&#8217;Aran: N\u00faria Sanjuan<\/em><\/p>\n ","protected":false},"excerpt":{"rendered":"<p>La m\u00fasica aranesa, Alid\u00e9 Sans, ha estat nominada com &#8220;MILLOR ARTISTA EN ALTRES LLENG\u00dcES DEL 2015&#8221; en els premis ENDERROCK 2016, a nivell de tot Catalunya. Actualment \u00e9s la segona volta de votacions, i Alid\u00e9 es troba entre artistes com: Love of Lesbian, Estopa, Ramon Mirabet, La Ra\u00edz, N\u00faria Graham&#8230; El guanyador es decidir\u00e0 per&#8230;<\/p>\n","protected":false},"author":2,"featured_media":9990,"comment_status":"closed","ping_status":"closed","sticky":false,"template":"","format":"standard","meta":{"footnotes":""},"categories":[33],"tags":[],"_links":{"self":[{"href":"https:\/\/www.conselharan.org\/ca\/wp-json\/wp\/v2\/posts\/9993"}],"collection":[{"href":"https:\/\/www.conselharan.org\/ca\/wp-json\/wp\/v2\/posts"}],"about":[{"href":"https:\/\/www.conselharan.org\/ca\/wp-json\/wp\/v2\/types\/post"}],"author":[{"embeddable":true,"href":"https:\/\/www.conselharan.org\/ca\/wp-json\/wp\/v2\/users\/2"}],"replies":[{"embeddable":true,"href":"https:\/\/www.conselharan.org\/ca\/wp-json\/wp\/v2\/comments?post=9993"}],"version-history":[{"count":1,"href":"https:\/\/www.conselharan.org\/ca\/wp-json\/wp\/v2\/posts\/9993\/revisions"}],"predecessor-version":[{"id":9994,"href":"https:\/\/www.conselharan.org\/ca\/wp-json\/wp\/v2\/posts\/9993\/revisions\/9994"}],"wp:featuredmedia":[{"embeddable":true,"href":"https:\/\/www.conselharan.org\/ca\/wp-json\/wp\/v2\/media\/9990"}],"wp:attachment":[{"href":"https:\/\/www.conselharan.org\/ca\/wp-json\/wp\/v2\/media?parent=9993"}],"wp:term":[{"taxonomy":"category","embeddable":true,"href":"https:\/\/www.conselharan.org\/ca\/wp-json\/wp\/v2\/categories?post=9993"},{"taxonomy":"post_tag","embeddable":true,"href":"https:\/\/www.conselharan.org\/ca\/wp-json\/wp\/v2\/tags?post=9993"}],"curies":[{"name":"wp","href":"https:\/\/api.w.org\/{rel}","templated":true}]}}