{"id":10028,"date":"2016-02-05T12:09:02","date_gmt":"2016-02-05T11:09:02","guid":{"rendered":"http:\/\/www.conselharan.org\/es\/?p=10028"},"modified":"2016-02-05T12:13:29","modified_gmt":"2016-02-05T11:13:29","slug":"astrid-fina-y-oier-zabala-del-centro-de-deportes-de-invierno-adaptado-de-aran-en-el-wc-de-usa-y-canada","status":"publish","type":"post","link":"https:\/\/www.conselharan.org\/es\/astrid-fina-y-oier-zabala-del-centro-de-deportes-de-invierno-adaptado-de-aran-en-el-wc-de-usa-y-canada\/","title":{"rendered":"Astrid Fina y Oier Zabala del Centro de Deportes de Invierno Adaptado de Aran en el WC de USA y Canad\u00e1"},"content":{"rendered":"<p><a href=\"http:\/\/www.conselharan.org\/wp-content\/uploads\/2016\/02\/USA.jpg\"><img loading=\"lazy\" decoding=\"async\" class=\"aligncenter size-large wp-image-10016\" src=\"http:\/\/www.conselharan.org\/wp-content\/uploads\/2016\/02\/USA-768x1024.jpg\" alt=\"USA\" width=\"768\" height=\"1024\" srcset=\"https:\/\/www.conselharan.org\/wp-content\/uploads\/2016\/02\/USA-768x1024.jpg 768w, https:\/\/www.conselharan.org\/wp-content\/uploads\/2016\/02\/USA-225x300.jpg 225w\" sizes=\"(max-width: 768px) 100vw, 768px\" \/><\/a><\/p>\n<p>&nbsp;<\/p>\n<p>Despu\u00e9s de un accidentado viaje de ida debido a las condiciones meteorol\u00f3gicas que hab\u00eda en Denver (Colorado) est\u00e1 todo a punto para la primera competici\u00f3n del equipo nacional \u2018B\u2019 de snowboard IPC de la <strong>FEDDF, Astrid Fina<\/strong> y <strong>Oier Zabala<\/strong> en su participaci\u00f3n a las pruebas del circuito IPC en Norte Am\u00e9rica.<\/p>\n<p>&nbsp;<\/p>\n<p><a href=\"http:\/\/www.conselharan.org\/wp-content\/uploads\/2016\/02\/USA2.jpg\"><img loading=\"lazy\" decoding=\"async\" class=\"aligncenter size-large wp-image-10018\" src=\"http:\/\/www.conselharan.org\/wp-content\/uploads\/2016\/02\/USA2-1024x576.jpg\" alt=\"USA2\" width=\"1024\" height=\"576\" srcset=\"https:\/\/www.conselharan.org\/wp-content\/uploads\/2016\/02\/USA2-1024x576.jpg 1024w, https:\/\/www.conselharan.org\/wp-content\/uploads\/2016\/02\/USA2-300x169.jpg 300w, https:\/\/www.conselharan.org\/wp-content\/uploads\/2016\/02\/USA2.jpg 1334w\" sizes=\"(max-width: 1024px) 100vw, 1024px\" \/><\/a><\/p>\n<p>Despu\u00e9s de participar en la carrera de boardercross en Aspen-Snowmass, en la categor\u00eda NORAM (CoC), los d\u00edas 5 y 6 de febrero participar\u00e1n en las pruebas de SBX World Cup en la misma estaci\u00f3n.<\/p>\n<p>&nbsp;<\/p>\n<p><a href=\"http:\/\/www.conselharan.org\/wp-content\/uploads\/2016\/02\/USA-1.jpg\"><img loading=\"lazy\" decoding=\"async\" class=\"aligncenter size-large wp-image-10019\" src=\"http:\/\/www.conselharan.org\/wp-content\/uploads\/2016\/02\/USA-1-1024x576.jpg\" alt=\"USA-1\" width=\"1024\" height=\"576\" srcset=\"https:\/\/www.conselharan.org\/wp-content\/uploads\/2016\/02\/USA-1-1024x576.jpg 1024w, https:\/\/www.conselharan.org\/wp-content\/uploads\/2016\/02\/USA-1-300x169.jpg 300w, https:\/\/www.conselharan.org\/wp-content\/uploads\/2016\/02\/USA-1.jpg 1334w\" sizes=\"(max-width: 1024px) 100vw, 1024px\" \/><\/a><\/p>\n<p>La pr\u00f3xima semana la parada del circuito ser\u00e1 en la estaci\u00f3n canadiense de Big White. Los riders del equipo nacional participar\u00e1n en tres carreras m\u00e1s de SBX junto a dos de Banked Slalom tanto de NORAM como de WC.<\/p>\n<p>&nbsp;<\/p>\n<p>Vielha, 5 de febrero de 2016<\/p>\n<p>&nbsp;<\/p>\n<p><em>CDIA<\/em><\/p>\n<p><em>Conselh Generau d&#8217;Aran: N\u00faria Sanjuan<\/em><\/p>\n ","protected":false},"excerpt":{"rendered":"<p>&nbsp; Despu\u00e9s de un accidentado viaje de ida debido a las condiciones meteorol\u00f3gicas que hab\u00eda en Denver (Colorado) est\u00e1 todo a punto para la primera competici\u00f3n del equipo nacional \u2018B\u2019 de snowboard IPC de la FEDDF, Astrid Fina y Oier Zabala en su participaci\u00f3n a las pruebas del circuito IPC en Norte Am\u00e9rica. &nbsp; Despu\u00e9s&#8230;<\/p>\n","protected":false},"author":2,"featured_media":10018,"comment_status":"closed","ping_status":"closed","sticky":false,"template":"","format":"standard","meta":{"footnotes":""},"categories":[34],"tags":[],"_links":{"self":[{"href":"https:\/\/www.conselharan.org\/es\/wp-json\/wp\/v2\/posts\/10028"}],"collection":[{"href":"https:\/\/www.conselharan.org\/es\/wp-json\/wp\/v2\/posts"}],"about":[{"href":"https:\/\/www.conselharan.org\/es\/wp-json\/wp\/v2\/types\/post"}],"author":[{"embeddable":true,"href":"https:\/\/www.conselharan.org\/es\/wp-json\/wp\/v2\/users\/2"}],"replies":[{"embeddable":true,"href":"https:\/\/www.conselharan.org\/es\/wp-json\/wp\/v2\/comments?post=10028"}],"version-history":[{"count":1,"href":"https:\/\/www.conselharan.org\/es\/wp-json\/wp\/v2\/posts\/10028\/revisions"}],"predecessor-version":[{"id":10029,"href":"https:\/\/www.conselharan.org\/es\/wp-json\/wp\/v2\/posts\/10028\/revisions\/10029"}],"wp:featuredmedia":[{"embeddable":true,"href":"https:\/\/www.conselharan.org\/es\/wp-json\/wp\/v2\/media\/10018"}],"wp:attachment":[{"href":"https:\/\/www.conselharan.org\/es\/wp-json\/wp\/v2\/media?parent=10028"}],"wp:term":[{"taxonomy":"category","embeddable":true,"href":"https:\/\/www.conselharan.org\/es\/wp-json\/wp\/v2\/categories?post=10028"},{"taxonomy":"post_tag","embeddable":true,"href":"https:\/\/www.conselharan.org\/es\/wp-json\/wp\/v2\/tags?post=10028"}],"curies":[{"name":"wp","href":"https:\/\/api.w.org\/{rel}","templated":true}]}}