{"id":10049,"date":"2016-02-05T17:03:34","date_gmt":"2016-02-05T16:03:34","guid":{"rendered":"http:\/\/www.conselharan.org\/es\/?p=10049"},"modified":"2016-02-11T11:42:22","modified_gmt":"2016-02-11T10:42:22","slug":"comienza-el-periodo-de-convocatoria-de-las-ayudas-europeas-leader-para-el-desarrollo-rural","status":"publish","type":"post","link":"https:\/\/www.conselharan.org\/es\/comienza-el-periodo-de-convocatoria-de-las-ayudas-europeas-leader-para-el-desarrollo-rural\/","title":{"rendered":"Comienza el periodo de convocatoria de las ayudas europeas LEADER para el desarrollo rural"},"content":{"rendered":"<p><strong>Durante el plazo de presentaci\u00f3n de las ayudas que finalizar\u00e1 el pr\u00f3ximo 21 de marzo, las personas interesadas se podr\u00e1n informar sobre las ayudas en la sede del Conselh Generau d\u2019Aran todos los jueves de 9 a 14 horas.<\/strong><\/p>\n<p><strong>Este\u00a0viernes 12 a las 11 horas reuni\u00f3n informativa en la misma sede del Conselh Generau d&#8217;Aran sobre la convocatoria de las ayudas europeas LEADER.<\/strong><\/p>\n<p>&nbsp;<\/p>\n<p><a href=\"http:\/\/www.conselharan.org\/wp-content\/uploads\/2016\/02\/leader.jpg\"><img loading=\"lazy\" decoding=\"async\" class=\"aligncenter size-full wp-image-10044\" src=\"http:\/\/www.conselharan.org\/wp-content\/uploads\/2016\/02\/leader.jpg\" alt=\"leader\" width=\"937\" height=\"445\" srcset=\"https:\/\/www.conselharan.org\/wp-content\/uploads\/2016\/02\/leader.jpg 937w, https:\/\/www.conselharan.org\/wp-content\/uploads\/2016\/02\/leader-300x142.jpg 300w\" sizes=\"(max-width: 937px) 100vw, 937px\" \/><\/a><\/p>\n<p>Esta semana el <strong>Conselh Generau d\u2019Aran<\/strong>, ha iniciado la convocatoria para la presentaci\u00f3n de proyectos que se quieran acoger a las nuevas ayudas europeas LEADER 2016, de las que <strong>por primera vez se podr\u00e1n beneficiar todos los particulares del Valle de Aran interesados en impulsar un proyecto empresarial generador de actividad econ\u00f3mica, as\u00ed como los ayuntamientos del Valle de Aran.<\/strong><\/p>\n<p>Fue en 2015 que el Gov\u00e8rn d\u2019Aran, consigui\u00f3 materializar este hecho largamente reivindicado por el Valle de Ar\u00e1n, que debe suponer un impulso importante al desarrollo econ\u00f3mico del territorio.<\/p>\n<p>El <strong>Departament d\u2019Agricultura, Ramaderia, Pesca y Alimentaci\u00f3<\/strong> (DARP) de la Generalitat de Catalunya, ha seleccionado 11 Grupos de Acci\u00f3n Local (GAL) Leader, para aplicar el desarrollo local participativo Leader en el marco del Programa de Desarrollo Rural ( PDR) de Catalunya 2014-2020.<\/p>\n<p>Uno de los objetivos principales de los GAL es la dinamizaci\u00f3n territorial y la divulgaci\u00f3n de sus proyectos m\u00e1s estrat\u00e9gicos y buenas pr\u00e1cticas, conjuntamente con la gesti\u00f3n de las ayudas, que convoca anualmente el DARP para fomentar la realizaci\u00f3n de inversiones que generen actividad econ\u00f3mica en las zonas rurales y fomenten la creaci\u00f3n y \/ o mantenimiento de puestos de trabajo, principalmente de mujeres y de j\u00f3venes, en actuaciones de mejora de los <strong>procesos de transformaci\u00f3n y comercializaci\u00f3n de los productos agrarios, creaci\u00f3n y desarrollo de microempresas, fomento de actividades tur\u00edsticas, y conservaci\u00f3n y mejora del patrimonio rural.<\/strong><\/p>\n ","protected":false},"excerpt":{"rendered":"<p>Durante el plazo de presentaci\u00f3n de las ayudas que finalizar\u00e1 el pr\u00f3ximo 21 de marzo, las personas interesadas se podr\u00e1n informar sobre las ayudas en la sede del Conselh Generau d\u2019Aran todos los jueves de 9 a 14 horas. Este\u00a0viernes 12 a las 11 horas reuni\u00f3n informativa en la misma sede del Conselh Generau d&#8217;Aran&#8230;<\/p>\n","protected":false},"author":2,"featured_media":10045,"comment_status":"closed","ping_status":"closed","sticky":false,"template":"","format":"standard","meta":{"footnotes":""},"categories":[52],"tags":[],"_links":{"self":[{"href":"https:\/\/www.conselharan.org\/es\/wp-json\/wp\/v2\/posts\/10049"}],"collection":[{"href":"https:\/\/www.conselharan.org\/es\/wp-json\/wp\/v2\/posts"}],"about":[{"href":"https:\/\/www.conselharan.org\/es\/wp-json\/wp\/v2\/types\/post"}],"author":[{"embeddable":true,"href":"https:\/\/www.conselharan.org\/es\/wp-json\/wp\/v2\/users\/2"}],"replies":[{"embeddable":true,"href":"https:\/\/www.conselharan.org\/es\/wp-json\/wp\/v2\/comments?post=10049"}],"version-history":[{"count":3,"href":"https:\/\/www.conselharan.org\/es\/wp-json\/wp\/v2\/posts\/10049\/revisions"}],"predecessor-version":[{"id":10217,"href":"https:\/\/www.conselharan.org\/es\/wp-json\/wp\/v2\/posts\/10049\/revisions\/10217"}],"wp:featuredmedia":[{"embeddable":true,"href":"https:\/\/www.conselharan.org\/es\/wp-json\/wp\/v2\/media\/10045"}],"wp:attachment":[{"href":"https:\/\/www.conselharan.org\/es\/wp-json\/wp\/v2\/media?parent=10049"}],"wp:term":[{"taxonomy":"category","embeddable":true,"href":"https:\/\/www.conselharan.org\/es\/wp-json\/wp\/v2\/categories?post=10049"},{"taxonomy":"post_tag","embeddable":true,"href":"https:\/\/www.conselharan.org\/es\/wp-json\/wp\/v2\/tags?post=10049"}],"curies":[{"name":"wp","href":"https:\/\/api.w.org\/{rel}","templated":true}]}}