{"id":10263,"date":"2016-02-12T15:31:43","date_gmt":"2016-02-12T14:31:43","guid":{"rendered":"http:\/\/www.conselharan.org\/es\/?p=10263"},"modified":"2016-02-12T15:32:34","modified_gmt":"2016-02-12T14:32:34","slug":"687-alumnos-araneses-visitaran-la-exposicion-humanos-y-naturaleza-encuentros-inesperados","status":"publish","type":"post","link":"https:\/\/www.conselharan.org\/es\/687-alumnos-araneses-visitaran-la-exposicion-humanos-y-naturaleza-encuentros-inesperados\/","title":{"rendered":"687 alumnos araneses visitar\u00e1n la exposici\u00f3n \u201cHumanos y naturaleza: Encuentros inesperados\u201d"},"content":{"rendered":"<p><strong>\u2022 Alumnos de la Val d\u2019Aran visitar\u00e1n hasta el mes de marzo la exposici\u00f3n situada en la iglesia de San Juan de Arties.<\/strong><\/p>\n<p>&nbsp;<\/p>\n<p><a href=\"http:\/\/www.conselharan.org\/wp-content\/uploads\/2016\/02\/mus\u00e8us-11.jpg\"><img loading=\"lazy\" decoding=\"async\" class=\"aligncenter size-large wp-image-10258\" src=\"http:\/\/www.conselharan.org\/wp-content\/uploads\/2016\/02\/mus\u00e8us-11-1024x463.jpg\" alt=\"mus\u00e8us-1\" width=\"1024\" height=\"463\" srcset=\"https:\/\/www.conselharan.org\/wp-content\/uploads\/2016\/02\/mus\u00e8us-11-1024x463.jpg 1024w, https:\/\/www.conselharan.org\/wp-content\/uploads\/2016\/02\/mus\u00e8us-11-300x136.jpg 300w, https:\/\/www.conselharan.org\/wp-content\/uploads\/2016\/02\/mus\u00e8us-11.jpg 1979w\" sizes=\"(max-width: 1024px) 100vw, 1024px\" \/><\/a><\/p>\n<p>&nbsp;<\/p>\n<p>Durante este mes de febrero y marzo, alumnos del <strong>INS de Aran, Zer Val d\u2019Aran, CEIP Garona de Vielha y la Escuela Santa R\u00f2c de Boss\u00f2st<\/strong> visitar\u00e1n la exposici\u00f3n \u201cHumanos y naturaleza: Encuentros inesperados\u201d, una producci\u00f3n propia del Museo de la Val d\u2019Aran.<\/p>\n<p>La exposici\u00f3n refleja la relaci\u00f3n a lo largo del tiempo del hombre con este peque\u00f1o trocito del planeta, la Val d\u2019Aran.<\/p>\n<p>&nbsp;<\/p>\n<p><a href=\"http:\/\/www.conselharan.org\/wp-content\/uploads\/2016\/02\/mues\u00e8us.jpg\"><img loading=\"lazy\" decoding=\"async\" class=\"aligncenter size-large wp-image-10259\" src=\"http:\/\/www.conselharan.org\/wp-content\/uploads\/2016\/02\/mues\u00e8us-1024x683.jpg\" alt=\"mues\u00e8us\" width=\"1024\" height=\"683\" srcset=\"https:\/\/www.conselharan.org\/wp-content\/uploads\/2016\/02\/mues\u00e8us-1024x683.jpg 1024w, https:\/\/www.conselharan.org\/wp-content\/uploads\/2016\/02\/mues\u00e8us-300x200.jpg 300w, https:\/\/www.conselharan.org\/wp-content\/uploads\/2016\/02\/mues\u00e8us.jpg 2048w\" sizes=\"(max-width: 1024px) 100vw, 1024px\" \/><\/a><\/p>\n<p>La adaptaci\u00f3n del hombre a la naturaleza y de la naturaleza al hombre es una lucha constante por la subsistencia, el control y el dominio de esta.<\/p>\n<p>Podemos sacar provecho, la podemos explotar, pero, ella se desencadena libre y sin l\u00edmites, a veces dulcemente y otras veces feroz, en forma de riadas, aludes, terremotos,&#8230;<\/p>\n<p>\u00bfLa podemos controlar? \u00bfLa podemos dominar? La podemos conocer, adaptarnos e ir juntos.<\/p>\n<p>La exposici\u00f3n \u201c<strong>Humanos y naturaleza: Encuentros inesperados\u201d<\/strong> se puede visitar hasta el 30 de marzo, en la iglesia de San Juan de Arties.<\/p>\n<p>&nbsp;<\/p>\n<p>&nbsp;<\/p>\n<p>&nbsp;<\/p>\n<p>Vielha, 12 de febrero de 2016<\/p>\n<p>&nbsp;<\/p>\n<p><em>Conselh Generau d&#8217;Aran: N\u00faria Sanjuan<\/em><\/p>\n ","protected":false},"excerpt":{"rendered":"<p>\u2022 Alumnos de la Val d\u2019Aran visitar\u00e1n hasta el mes de marzo la exposici\u00f3n situada en la iglesia de San Juan de Arties. &nbsp; &nbsp; Durante este mes de febrero y marzo, alumnos del INS de Aran, Zer Val d\u2019Aran, CEIP Garona de Vielha y la Escuela Santa R\u00f2c de Boss\u00f2st visitar\u00e1n la exposici\u00f3n \u201cHumanos&#8230;<\/p>\n","protected":false},"author":2,"featured_media":10259,"comment_status":"closed","ping_status":"closed","sticky":false,"template":"","format":"standard","meta":{"footnotes":""},"categories":[34],"tags":[],"_links":{"self":[{"href":"https:\/\/www.conselharan.org\/es\/wp-json\/wp\/v2\/posts\/10263"}],"collection":[{"href":"https:\/\/www.conselharan.org\/es\/wp-json\/wp\/v2\/posts"}],"about":[{"href":"https:\/\/www.conselharan.org\/es\/wp-json\/wp\/v2\/types\/post"}],"author":[{"embeddable":true,"href":"https:\/\/www.conselharan.org\/es\/wp-json\/wp\/v2\/users\/2"}],"replies":[{"embeddable":true,"href":"https:\/\/www.conselharan.org\/es\/wp-json\/wp\/v2\/comments?post=10263"}],"version-history":[{"count":1,"href":"https:\/\/www.conselharan.org\/es\/wp-json\/wp\/v2\/posts\/10263\/revisions"}],"predecessor-version":[{"id":10264,"href":"https:\/\/www.conselharan.org\/es\/wp-json\/wp\/v2\/posts\/10263\/revisions\/10264"}],"wp:featuredmedia":[{"embeddable":true,"href":"https:\/\/www.conselharan.org\/es\/wp-json\/wp\/v2\/media\/10259"}],"wp:attachment":[{"href":"https:\/\/www.conselharan.org\/es\/wp-json\/wp\/v2\/media?parent=10263"}],"wp:term":[{"taxonomy":"category","embeddable":true,"href":"https:\/\/www.conselharan.org\/es\/wp-json\/wp\/v2\/categories?post=10263"},{"taxonomy":"post_tag","embeddable":true,"href":"https:\/\/www.conselharan.org\/es\/wp-json\/wp\/v2\/tags?post=10263"}],"curies":[{"name":"wp","href":"https:\/\/api.w.org\/{rel}","templated":true}]}}