{"id":10483,"date":"2016-02-24T18:25:40","date_gmt":"2016-02-24T17:25:40","guid":{"rendered":"http:\/\/www.conselharan.org\/ca\/?p=10483"},"modified":"2016-02-29T11:33:57","modified_gmt":"2016-02-29T10:33:57","slug":"el-conselh-generau-daran-participa-en-la-primera-jornada-de-trabajo-de-la-comision-de-fallas-y-haros-del-pirineo","status":"publish","type":"post","link":"https:\/\/www.conselharan.org\/es\/el-conselh-generau-daran-participa-en-la-primera-jornada-de-trabajo-de-la-comision-de-fallas-y-haros-del-pirineo\/","title":{"rendered":"El Conselh Generau d\u2019Aran participa en la primera jornada de trabajo de la comisi\u00f3n de Fallas y Haros del Pirineo"},"content":{"rendered":"<p>Viella, 23 de febrero de 2016.- La Comisi\u00f3n de Fallas, Haros y Blandones se reuni\u00f3 el pasado s\u00e1bado en la Pobla de Segur, en la primera jornada de trabajo despu\u00e9s de la declaraci\u00f3n de Andorra del 3 de diciembre del a\u00f1o pasado en la que se celebr\u00f3 la declaraci\u00f3n de las Fiestas del Fuego de los Pirineos, Patrimonio Cultural Inmaterial de la Humanidad por la Unesco.<\/p>\n<p>&nbsp;<\/p>\n<div id=\"attachment_10481\" style=\"width: 950px\" class=\"wp-caption aligncenter\"><a href=\"http:\/\/www.conselharan.org\/wp-content\/uploads\/2016\/02\/P1210239.jpg\"><img loading=\"lazy\" decoding=\"async\" aria-describedby=\"caption-attachment-10481\" class=\"size-full wp-image-10481\" src=\"http:\/\/www.conselharan.org\/wp-content\/uploads\/2016\/02\/P1210239.jpg\" alt=\"Marcel\u00b7la Andreu \" width=\"940\" height=\"625\" srcset=\"https:\/\/www.conselharan.org\/wp-content\/uploads\/2016\/02\/P1210239.jpg 940w, https:\/\/www.conselharan.org\/wp-content\/uploads\/2016\/02\/P1210239-300x199.jpg 300w\" sizes=\"(max-width: 940px) 100vw, 940px\" \/><\/a><p id=\"caption-attachment-10481\" class=\"wp-caption-text\">Marcel\u00b7la Andreu<\/p><\/div>\n<p>En esta primera reuni\u00f3n, se decidi\u00f3 que cada uno de los 63 municipios que celebran Fiestas del Fuego los Pirineos elaboren un protocolo festivo, con el objetivo de fijar unas bases para asegurar la conservaci\u00f3n de las fiestas as\u00ed como establecer unos criterios para los nuevos pueblos que se quieran incorporar.<\/p>\n<p><strong>J\u00e8p Montoya<\/strong>, que asisti\u00f3 a la reuni\u00f3n en representaci\u00f3n de <strong>Conselh Generau d\u2019Aran<\/strong>, explic\u00f3 que estos protocolos servir\u00e1n en el caso del Valle de Aran, para la conservaci\u00f3n de las fiestas y para qu\u00e9 <strong>Les y Arties, puedan explicar c\u00f3mo se hacen las fiestas del Haro, las fechas en que se celebran, qu\u00e9 indumentaria llevan los que participan o cu\u00e1les son las m\u00fasicas y bailes que incorporan.<\/strong><\/p>\n<p>La jornada de trabajo tambi\u00e9n sirvi\u00f3 para abrir la puerta a la incorporaci\u00f3n a la declaraci\u00f3n de Andorra de pueblos que en su momento celebraron fiestas del fuego pero que en la actualidad las han perdido, por si las quieren recuperar. En la Val d&#8217;Aran es el caso de <strong>Betren<\/strong> donde hac\u00edan un Haro y donde hay una calle dedicada al mismo, <strong>Es B\u00f2rdes<\/strong>, <strong>Canejan<\/strong> o <strong>Gar\u00f2s.<\/strong><\/p>\n<p>Durante el encuentro se decidi\u00f3 encargar un proyecto para crear un logotipo que identifique los 63 pueblos y que incorpore s\u00edmbolos como la noche, el fuego o los colores tradicionales de estas fiestas.<\/p>\n<p>Calculan que el protocolo fallaire estar\u00e1 hecho en unos dos o tres meses, cuando est\u00e1 prevista la segunda reuni\u00f3n de la comisi\u00f3n.<\/p>\n ","protected":false},"excerpt":{"rendered":"<p>Viella, 23 de febrero de 2016.- La Comisi\u00f3n de Fallas, Haros y Blandones se reuni\u00f3 el pasado s\u00e1bado en la Pobla de Segur, en la primera jornada de trabajo despu\u00e9s de la declaraci\u00f3n de Andorra del 3 de diciembre del a\u00f1o pasado en la que se celebr\u00f3 la declaraci\u00f3n de las Fiestas del Fuego de&#8230;<\/p>\n","protected":false},"author":2,"featured_media":10481,"comment_status":"closed","ping_status":"closed","sticky":false,"template":"","format":"standard","meta":{"footnotes":""},"categories":[52],"tags":[],"_links":{"self":[{"href":"https:\/\/www.conselharan.org\/es\/wp-json\/wp\/v2\/posts\/10483"}],"collection":[{"href":"https:\/\/www.conselharan.org\/es\/wp-json\/wp\/v2\/posts"}],"about":[{"href":"https:\/\/www.conselharan.org\/es\/wp-json\/wp\/v2\/types\/post"}],"author":[{"embeddable":true,"href":"https:\/\/www.conselharan.org\/es\/wp-json\/wp\/v2\/users\/2"}],"replies":[{"embeddable":true,"href":"https:\/\/www.conselharan.org\/es\/wp-json\/wp\/v2\/comments?post=10483"}],"version-history":[{"count":2,"href":"https:\/\/www.conselharan.org\/es\/wp-json\/wp\/v2\/posts\/10483\/revisions"}],"predecessor-version":[{"id":10566,"href":"https:\/\/www.conselharan.org\/es\/wp-json\/wp\/v2\/posts\/10483\/revisions\/10566"}],"wp:featuredmedia":[{"embeddable":true,"href":"https:\/\/www.conselharan.org\/es\/wp-json\/wp\/v2\/media\/10481"}],"wp:attachment":[{"href":"https:\/\/www.conselharan.org\/es\/wp-json\/wp\/v2\/media?parent=10483"}],"wp:term":[{"taxonomy":"category","embeddable":true,"href":"https:\/\/www.conselharan.org\/es\/wp-json\/wp\/v2\/categories?post=10483"},{"taxonomy":"post_tag","embeddable":true,"href":"https:\/\/www.conselharan.org\/es\/wp-json\/wp\/v2\/tags?post=10483"}],"curies":[{"name":"wp","href":"https:\/\/api.w.org\/{rel}","templated":true}]}}