{"id":10515,"date":"2016-02-26T12:58:06","date_gmt":"2016-02-26T11:58:06","guid":{"rendered":"http:\/\/www.conselharan.org\/es\/?p=10515"},"modified":"2016-02-26T12:58:14","modified_gmt":"2016-02-26T11:58:14","slug":"el-conselh-generau-daran-empieza-las-obras-de-mantenimiento-y-rehabilitacion-de-la-zona-del-parque-infantil-de-les","status":"publish","type":"post","link":"https:\/\/www.conselharan.org\/es\/el-conselh-generau-daran-empieza-las-obras-de-mantenimiento-y-rehabilitacion-de-la-zona-del-parque-infantil-de-les\/","title":{"rendered":"El Conselh Generau d\u2019Aran empieza las obras de mantenimiento y rehabilitaci\u00f3n de la zona del Parque infantil de Les"},"content":{"rendered":"<p>\u2022<strong> Despu\u00e9s de las riadas del 2013 el parque infantil de Les se vio muy afectado por este episodio.<\/strong><\/p>\n<p><strong>\u2022 El parque infantil tiene una superficie de 2.425 m2 aproximadamente.<\/strong><\/p>\n<p>&nbsp;<\/p>\n<p><a href=\"http:\/\/www.conselharan.org\/wp-content\/uploads\/2016\/02\/DSC_0164.jpg\"><img loading=\"lazy\" decoding=\"async\" class=\"aligncenter size-large wp-image-10509\" src=\"http:\/\/www.conselharan.org\/wp-content\/uploads\/2016\/02\/DSC_0164-1024x687.jpg\" alt=\"DSC_0164\" width=\"1024\" height=\"687\" srcset=\"https:\/\/www.conselharan.org\/wp-content\/uploads\/2016\/02\/DSC_0164-1024x687.jpg 1024w, https:\/\/www.conselharan.org\/wp-content\/uploads\/2016\/02\/DSC_0164-300x201.jpg 300w\" sizes=\"(max-width: 1024px) 100vw, 1024px\" \/><\/a><\/p>\n<p>&nbsp;<\/p>\n<p>El Departamento de Agricultura, Ganader\u00eda y Medio Natural del Conselh Generau d\u2019Aran, a trav\u00e9s de la empresa de <strong>Servicios Ambientales de la Val d\u2019Aran (SAVA, S.L.)<\/strong> ha empezado esta semana la actuaci\u00f3n en el Parque infantil de Les que consiste principalmente en la rehabilitaci\u00f3n y mantenimiento del parque, haciendo tareas de saneamiento y limpieza de los muros perimetrales de piedra, se rehar\u00e1 el aplacado de piedra da\u00f1ado, se rehabilitar\u00e1n los pavimentos y asientos de piedra natural as\u00ed como los juegos de madera del parque infantil, tambi\u00e9n se dotar\u00e1n las zonas ajardinadas de los elementos de protecci\u00f3n necesarios con barandillas met\u00e1licas similares a las existentes y se cambiar\u00e1n los elementos de iluminaci\u00f3n deteriorados por las riadas con farolas.<\/p>\n<p>&nbsp;<\/p>\n<p><a href=\"http:\/\/www.conselharan.org\/wp-content\/uploads\/2016\/02\/DSC_0175.jpg\"><img loading=\"lazy\" decoding=\"async\" class=\"aligncenter size-large wp-image-10510\" src=\"http:\/\/www.conselharan.org\/wp-content\/uploads\/2016\/02\/DSC_0175-1024x687.jpg\" alt=\"DSC_0175\" width=\"1024\" height=\"687\" srcset=\"https:\/\/www.conselharan.org\/wp-content\/uploads\/2016\/02\/DSC_0175-1024x687.jpg 1024w, https:\/\/www.conselharan.org\/wp-content\/uploads\/2016\/02\/DSC_0175-300x201.jpg 300w\" sizes=\"(max-width: 1024px) 100vw, 1024px\" \/><\/a><\/p>\n<p>&nbsp;<\/p>\n<p>En palabras del conselh\u00e8r de Agricultura, Ganader\u00eda y Medio Natural de Aran, <strong>Jose Enrique Arr\u00f3, \u201cuna vez finalizadas todas las obras, el Conselh Generau d\u2019Aran tomar\u00e1 el acuerdo de hacer la cesi\u00f3n de uso de estas instalaciones en el pueblo de Les para que puedan disfrutar sus ni\u00f1os y visitantes\u201d.<\/strong><\/p>\n<p>&nbsp;<\/p>\n<p><a href=\"http:\/\/www.conselharan.org\/wp-content\/uploads\/2016\/02\/DSC_0173.jpg\"><img loading=\"lazy\" decoding=\"async\" class=\"aligncenter size-large wp-image-10511\" src=\"http:\/\/www.conselharan.org\/wp-content\/uploads\/2016\/02\/DSC_0173-1024x687.jpg\" alt=\"DSC_0173\" width=\"1024\" height=\"687\" srcset=\"https:\/\/www.conselharan.org\/wp-content\/uploads\/2016\/02\/DSC_0173-1024x687.jpg 1024w, https:\/\/www.conselharan.org\/wp-content\/uploads\/2016\/02\/DSC_0173-300x201.jpg 300w\" sizes=\"(max-width: 1024px) 100vw, 1024px\" \/><\/a><\/p>\n<p>&nbsp;<\/p>\n<p>El conselh\u00e8r de Territorio de Aran, <strong>Jose Antonio Boya<\/strong> ha a\u00f1adido <strong>\u201ccuando se haga efectiva la cesi\u00f3n de uso, el mantenimiento de este parque ir\u00e1 a cargo del Ayuntamiento de Les que siempre ha considerado esta instalaci\u00f3n como un elemento muy positivo para el atractivo del pueblo, realidad plenamente compartida por el Gov\u00e8rn de Aran\u201d.<\/strong><\/p>\n<p>El periodo de ejecuci\u00f3n total de esta actuaci\u00f3n es de tres meses.<\/p>\n<p>&nbsp;<\/p>\n<p>&nbsp;<\/p>\n<p>Vielha, 26 de febrero de 2016<\/p>\n<p>&nbsp;<\/p>\n<p><em>Conselh Generau d&#8217;Aran: N\u00faria Sanjuan<\/em><\/p>\n ","protected":false},"excerpt":{"rendered":"<p>\u2022 Despu\u00e9s de las riadas del 2013 el parque infantil de Les se vio muy afectado por este episodio. \u2022 El parque infantil tiene una superficie de 2.425 m2 aproximadamente. &nbsp; &nbsp; El Departamento de Agricultura, Ganader\u00eda y Medio Natural del Conselh Generau d\u2019Aran, a trav\u00e9s de la empresa de Servicios Ambientales de la Val&#8230;<\/p>\n","protected":false},"author":2,"featured_media":10510,"comment_status":"closed","ping_status":"closed","sticky":false,"template":"","format":"standard","meta":{"footnotes":""},"categories":[52,37],"tags":[],"_links":{"self":[{"href":"https:\/\/www.conselharan.org\/es\/wp-json\/wp\/v2\/posts\/10515"}],"collection":[{"href":"https:\/\/www.conselharan.org\/es\/wp-json\/wp\/v2\/posts"}],"about":[{"href":"https:\/\/www.conselharan.org\/es\/wp-json\/wp\/v2\/types\/post"}],"author":[{"embeddable":true,"href":"https:\/\/www.conselharan.org\/es\/wp-json\/wp\/v2\/users\/2"}],"replies":[{"embeddable":true,"href":"https:\/\/www.conselharan.org\/es\/wp-json\/wp\/v2\/comments?post=10515"}],"version-history":[{"count":1,"href":"https:\/\/www.conselharan.org\/es\/wp-json\/wp\/v2\/posts\/10515\/revisions"}],"predecessor-version":[{"id":10516,"href":"https:\/\/www.conselharan.org\/es\/wp-json\/wp\/v2\/posts\/10515\/revisions\/10516"}],"wp:featuredmedia":[{"embeddable":true,"href":"https:\/\/www.conselharan.org\/es\/wp-json\/wp\/v2\/media\/10510"}],"wp:attachment":[{"href":"https:\/\/www.conselharan.org\/es\/wp-json\/wp\/v2\/media?parent=10515"}],"wp:term":[{"taxonomy":"category","embeddable":true,"href":"https:\/\/www.conselharan.org\/es\/wp-json\/wp\/v2\/categories?post=10515"},{"taxonomy":"post_tag","embeddable":true,"href":"https:\/\/www.conselharan.org\/es\/wp-json\/wp\/v2\/tags?post=10515"}],"curies":[{"name":"wp","href":"https:\/\/api.w.org\/{rel}","templated":true}]}}