{"id":10725,"date":"2016-03-08T11:01:16","date_gmt":"2016-03-08T10:01:16","guid":{"rendered":"http:\/\/www.conselharan.org\/es\/?p=10725"},"modified":"2016-03-08T11:01:22","modified_gmt":"2016-03-08T10:01:22","slug":"gran-acogida-del-documental-drop-in-a-life-de-aymar-navarro","status":"publish","type":"post","link":"https:\/\/www.conselharan.org\/es\/gran-acogida-del-documental-drop-in-a-life-de-aymar-navarro\/","title":{"rendered":"Gran acogida del documental \u201cDrop in a Life\u201d de Aymar Navarro"},"content":{"rendered":"<p><strong>\u2022 Debido a que el s\u00e1bado, 5 de marzo, m\u00e1s de 200 personas se quedaron sin poder ver el documental, el domingo, 6 de marzo, se realiz\u00f3 otra proyecci\u00f3n.<\/strong><\/p>\n<p>&nbsp;<\/p>\n<p><a href=\"http:\/\/www.conselharan.org\/wp-content\/uploads\/2016\/03\/aymar.jpg\"><img loading=\"lazy\" decoding=\"async\" class=\"aligncenter size-full wp-image-10718\" src=\"http:\/\/www.conselharan.org\/wp-content\/uploads\/2016\/03\/aymar.jpg\" alt=\"aymar\" width=\"960\" height=\"720\" srcset=\"https:\/\/www.conselharan.org\/wp-content\/uploads\/2016\/03\/aymar.jpg 960w, https:\/\/www.conselharan.org\/wp-content\/uploads\/2016\/03\/aymar-300x225.jpg 300w\" sizes=\"(max-width: 960px) 100vw, 960px\" \/><\/a><\/p>\n<p>&nbsp;<\/p>\n<p>El pasado fin de semana se estren\u00f3 en la Val d\u2019Aran \u201c<strong>Drop in a Life\u201d<\/strong>, documental sobre la vida deportiva del rider aran\u00e9s, <strong>Aymar Navarro Combali\u00e9<\/strong>.<\/p>\n<p>&nbsp;<\/p>\n<p><a href=\"http:\/\/www.conselharan.org\/wp-content\/uploads\/2016\/03\/drop-in-a-life-saxo-blu.jpg\"><img loading=\"lazy\" decoding=\"async\" class=\"aligncenter size-full wp-image-10720\" src=\"http:\/\/www.conselharan.org\/wp-content\/uploads\/2016\/03\/drop-in-a-life-saxo-blu.jpg\" alt=\"drop in a life-saxo blu\" width=\"960\" height=\"617\" srcset=\"https:\/\/www.conselharan.org\/wp-content\/uploads\/2016\/03\/drop-in-a-life-saxo-blu.jpg 960w, https:\/\/www.conselharan.org\/wp-content\/uploads\/2016\/03\/drop-in-a-life-saxo-blu-300x193.jpg 300w\" sizes=\"(max-width: 960px) 100vw, 960px\" \/><\/a><\/p>\n<p>&nbsp;<\/p>\n<p>El estreno tuvo una respuesta masiva de la gente, el s\u00e1bado, 5 de marzo, media hora antes de empezar la proyecci\u00f3n del documental la Audiovisual de Vielha ya estaba llena y m\u00e1s de 200 personas se quedaron a las puertas de poder entrar.<\/p>\n<p>Por esta raz\u00f3n se decidi\u00f3 realizar otra proyecci\u00f3n el domingo, 6 de marzo, en un conocido Pub de la Val d\u2019Aran, el cual se volvi\u00f3 a llenar hasta llegar al aforo completo y tener que cerrar nuevamente las puertas.<\/p>\n<p>&nbsp;<\/p>\n<p><a href=\"http:\/\/www.conselharan.org\/wp-content\/uploads\/2016\/03\/aymar-familia-y-conselh\u00e8rs-VdA.jpg\"><img loading=\"lazy\" decoding=\"async\" class=\"aligncenter size-large wp-image-10719\" src=\"http:\/\/www.conselharan.org\/wp-content\/uploads\/2016\/03\/aymar-familia-y-conselh\u00e8rs-VdA-768x1024.jpg\" alt=\"aymar- familia y conselh\u00e8rs VdA\" width=\"768\" height=\"1024\" srcset=\"https:\/\/www.conselharan.org\/wp-content\/uploads\/2016\/03\/aymar-familia-y-conselh\u00e8rs-VdA-768x1024.jpg 768w, https:\/\/www.conselharan.org\/wp-content\/uploads\/2016\/03\/aymar-familia-y-conselh\u00e8rs-VdA-225x300.jpg 225w, https:\/\/www.conselharan.org\/wp-content\/uploads\/2016\/03\/aymar-familia-y-conselh\u00e8rs-VdA.jpg 1200w\" sizes=\"(max-width: 768px) 100vw, 768px\" \/><\/a><\/p>\n<p>&nbsp;<\/p>\n<p>El acto cont\u00f3 con la presencia de la conselh\u00e8ra de Turismo y Desarrollo Econ\u00f3mico de Aran, <strong>Anna D\u00edaz<\/strong> y del conselh\u00e8r de Territorio de Aran, <strong>Jose A. Boya,<\/strong> que mostraron su apoyo y admiraci\u00f3n hacia Aymar.<\/p>\n<p>Pr\u00f3ximamente se estrenar\u00e1 el documental \u201cDrop in a life\u201d Online.<\/p>\n<p><strong>Aymar Navarro<\/strong> ha manifestado <strong>\u201cestoy muy feliz de que haya tanta gente interesada en ver lo que hago y a lo que me dedico, esto es una motivaci\u00f3n extra para seguir creciendo y creyendo\u201d.<\/strong><\/p>\n<p>El documental de 50 minutos, lo ha realizado BumpyFilms y cuenta con aportaciones de amigos y familiares que hablan y opinan sobre la trayectoria deportiva de Aymar, an\u00e9cdotas,&#8230; con im\u00e1genes de estos \u00faltimos 5 a\u00f1os.<\/p>\n<p>Aymar Navarro, firm\u00f3 un convenio con el <strong>Conselh Generau d&#8217;Aran<\/strong> y <strong>Foment Torisme Val d&#8217;Aran<\/strong> para promover el destino tur\u00edstico deportivo Val d&#8217;Aran por el mundo, representado en la imagen y en los valores del rider aran\u00e9s.<\/p>\n<p>Trailer de \u201cDrop in a Life\u201d d\u2019Aymar Navarro en:<\/p>\n<p><strong><a href=\"https:\/\/www.youtube.com\/watch?v=2vHQaaj_0ZM\" target=\"_blank\">https:\/\/www.youtube.com\/watch?v=2vHQaaj_0ZM<\/a><\/strong><\/p>\n<p>&nbsp;<\/p>\n<p>Vielha, 8 de marzo de 2016<\/p>\n<p>&nbsp;<\/p>\n<p><em>Conselh Generau d&#8217;Aran: N\u00faria Sanjuan<\/em><\/p>\n<p>&nbsp;<\/p>\n ","protected":false},"excerpt":{"rendered":"<p>\u2022 Debido a que el s\u00e1bado, 5 de marzo, m\u00e1s de 200 personas se quedaron sin poder ver el documental, el domingo, 6 de marzo, se realiz\u00f3 otra proyecci\u00f3n. &nbsp; &nbsp; El pasado fin de semana se estren\u00f3 en la Val d\u2019Aran \u201cDrop in a Life\u201d, documental sobre la vida deportiva del rider aran\u00e9s, Aymar&#8230;<\/p>\n","protected":false},"author":2,"featured_media":10721,"comment_status":"closed","ping_status":"closed","sticky":false,"template":"","format":"standard","meta":{"footnotes":""},"categories":[34],"tags":[],"_links":{"self":[{"href":"https:\/\/www.conselharan.org\/es\/wp-json\/wp\/v2\/posts\/10725"}],"collection":[{"href":"https:\/\/www.conselharan.org\/es\/wp-json\/wp\/v2\/posts"}],"about":[{"href":"https:\/\/www.conselharan.org\/es\/wp-json\/wp\/v2\/types\/post"}],"author":[{"embeddable":true,"href":"https:\/\/www.conselharan.org\/es\/wp-json\/wp\/v2\/users\/2"}],"replies":[{"embeddable":true,"href":"https:\/\/www.conselharan.org\/es\/wp-json\/wp\/v2\/comments?post=10725"}],"version-history":[{"count":1,"href":"https:\/\/www.conselharan.org\/es\/wp-json\/wp\/v2\/posts\/10725\/revisions"}],"predecessor-version":[{"id":10726,"href":"https:\/\/www.conselharan.org\/es\/wp-json\/wp\/v2\/posts\/10725\/revisions\/10726"}],"wp:featuredmedia":[{"embeddable":true,"href":"https:\/\/www.conselharan.org\/es\/wp-json\/wp\/v2\/media\/10721"}],"wp:attachment":[{"href":"https:\/\/www.conselharan.org\/es\/wp-json\/wp\/v2\/media?parent=10725"}],"wp:term":[{"taxonomy":"category","embeddable":true,"href":"https:\/\/www.conselharan.org\/es\/wp-json\/wp\/v2\/categories?post=10725"},{"taxonomy":"post_tag","embeddable":true,"href":"https:\/\/www.conselharan.org\/es\/wp-json\/wp\/v2\/tags?post=10725"}],"curies":[{"name":"wp","href":"https:\/\/api.w.org\/{rel}","templated":true}]}}