{"id":10824,"date":"2016-03-11T08:50:16","date_gmt":"2016-03-11T07:50:16","guid":{"rendered":"http:\/\/www.conselharan.org\/es\/?p=10824"},"modified":"2016-03-11T08:51:12","modified_gmt":"2016-03-11T07:51:12","slug":"taller-mi-otro-yo","status":"publish","type":"post","link":"https:\/\/www.conselharan.org\/es\/taller-mi-otro-yo\/","title":{"rendered":"Taller \u00abMi otro yo\u00bb"},"content":{"rendered":"<p><strong>El Conselh Generau d&#8217;Aran, mediante la Oficina de Juventud, y la Diputaci\u00f3n de Lleida han organizado este taller sobre las redes sociales dirigido a j\u00f3venes, familias y profesorado.<\/strong><\/p>\n<p><strong>El taller es gratuito y ser\u00e1 el pr\u00f3ximo martes, d\u00eda 15 de marzo, a las 17:00 horas en la sede del Conselh Generau d&#8217;Aran (Vielha)<\/strong><\/p>\n<p>&nbsp;<\/p>\n<p><a href=\"http:\/\/www.conselharan.org\/wp-content\/uploads\/2016\/03\/Cartel-El-meu-altre-jo.jpg\"><img loading=\"lazy\" decoding=\"async\" class=\"aligncenter size-full wp-image-10818\" src=\"http:\/\/www.conselharan.org\/wp-content\/uploads\/2016\/03\/Cartel-El-meu-altre-jo.jpg\" alt=\"Cartel El meu altre jo\" width=\"960\" height=\"720\" srcset=\"https:\/\/www.conselharan.org\/wp-content\/uploads\/2016\/03\/Cartel-El-meu-altre-jo.jpg 960w, https:\/\/www.conselharan.org\/wp-content\/uploads\/2016\/03\/Cartel-El-meu-altre-jo-300x225.jpg 300w\" sizes=\"(max-width: 960px) 100vw, 960px\" \/><\/a><\/p>\n<p>&nbsp;<\/p>\n<p>M\u00e1s informaci\u00f3n: Ocinica de Joenessa, tel. 973 64 25 60.<\/p>\n<p>&nbsp;<\/p>\n<p>&nbsp;<\/p>\n<p>Vielha, 11 de marzo de 2016<\/p>\n<p>&nbsp;<\/p>\n<p><em>Conselh Generau d&#8217;Aran: N\u00faria Sanjuan\u00a0<\/em><\/p>\n ","protected":false},"excerpt":{"rendered":"<p>El Conselh Generau d&#8217;Aran, mediante la Oficina de Juventud, y la Diputaci\u00f3n de Lleida han organizado este taller sobre las redes sociales dirigido a j\u00f3venes, familias y profesorado. El taller es gratuito y ser\u00e1 el pr\u00f3ximo martes, d\u00eda 15 de marzo, a las 17:00 horas en la sede del Conselh Generau d&#8217;Aran (Vielha) &nbsp; &nbsp;&#8230;<\/p>\n","protected":false},"author":2,"featured_media":10818,"comment_status":"closed","ping_status":"closed","sticky":false,"template":"","format":"standard","meta":{"footnotes":""},"categories":[34],"tags":[],"_links":{"self":[{"href":"https:\/\/www.conselharan.org\/es\/wp-json\/wp\/v2\/posts\/10824"}],"collection":[{"href":"https:\/\/www.conselharan.org\/es\/wp-json\/wp\/v2\/posts"}],"about":[{"href":"https:\/\/www.conselharan.org\/es\/wp-json\/wp\/v2\/types\/post"}],"author":[{"embeddable":true,"href":"https:\/\/www.conselharan.org\/es\/wp-json\/wp\/v2\/users\/2"}],"replies":[{"embeddable":true,"href":"https:\/\/www.conselharan.org\/es\/wp-json\/wp\/v2\/comments?post=10824"}],"version-history":[{"count":1,"href":"https:\/\/www.conselharan.org\/es\/wp-json\/wp\/v2\/posts\/10824\/revisions"}],"predecessor-version":[{"id":10825,"href":"https:\/\/www.conselharan.org\/es\/wp-json\/wp\/v2\/posts\/10824\/revisions\/10825"}],"wp:featuredmedia":[{"embeddable":true,"href":"https:\/\/www.conselharan.org\/es\/wp-json\/wp\/v2\/media\/10818"}],"wp:attachment":[{"href":"https:\/\/www.conselharan.org\/es\/wp-json\/wp\/v2\/media?parent=10824"}],"wp:term":[{"taxonomy":"category","embeddable":true,"href":"https:\/\/www.conselharan.org\/es\/wp-json\/wp\/v2\/categories?post=10824"},{"taxonomy":"post_tag","embeddable":true,"href":"https:\/\/www.conselharan.org\/es\/wp-json\/wp\/v2\/tags?post=10824"}],"curies":[{"name":"wp","href":"https:\/\/api.w.org\/{rel}","templated":true}]}}