{"id":10832,"date":"2016-03-11T11:28:57","date_gmt":"2016-03-11T10:28:57","guid":{"rendered":"http:\/\/www.conselharan.org\/es\/?p=10832"},"modified":"2016-03-14T20:35:24","modified_gmt":"2016-03-14T19:35:24","slug":"el-govern-de-aran-senalizara-el-acceso-al-pico-del-montlude","status":"publish","type":"post","link":"https:\/\/www.conselharan.org\/es\/el-govern-de-aran-senalizara-el-acceso-al-pico-del-montlude\/","title":{"rendered":"El Gov\u00e8rn de Aran se\u00f1alizar\u00e1 el acceso al Pico del Montlude"},"content":{"rendered":"<p><strong>\u2022 El proyecto, que se encuentra en fase de valoraci\u00f3n, consta en se\u00f1alizar el acceso al Pico del Montlude de 2518m de altura y podr\u00e1 ser accesible desde Canejan, Les, Boss\u00f2st, Arres o Vilam\u00f2s.<\/strong><\/p>\n<p><a href=\"http:\/\/www.conselharan.org\/wp-content\/uploads\/2016\/03\/DSC_0098.jpg\"><img loading=\"lazy\" decoding=\"async\" class=\"aligncenter size-large wp-image-10828\" src=\"http:\/\/www.conselharan.org\/wp-content\/uploads\/2016\/03\/DSC_0098-1024x687.jpg\" alt=\"DSC_0098\" width=\"1024\" height=\"687\" srcset=\"https:\/\/www.conselharan.org\/wp-content\/uploads\/2016\/03\/DSC_0098-1024x687.jpg 1024w, https:\/\/www.conselharan.org\/wp-content\/uploads\/2016\/03\/DSC_0098-300x201.jpg 300w\" sizes=\"(max-width: 1024px) 100vw, 1024px\" \/><\/a><\/p>\n<p><em>El sindic de Aran, Carlos Barrera, con el conselh\u00e8r de Territorio de Aran, Jose Antonio Boya, la conselh\u00e8ra de Turismo y Desarrollo Econ\u00f3mico de Aran, Anna D\u00edaz, el conselh\u00e8r de Agricultura, Ganader\u00eda y Medio Natural de Aran, Jose Enrique Arr\u00f3 y el t\u00e9cnico del Conselh Generau d\u2019Aran, Jordi Gavald\u00e0. \u00a0<\/em><\/p>\n<p>&nbsp;<\/p>\n<p>El Conselh Generau d\u2019Aran, mediante la conselheria de Territorio, est\u00e1 dise\u00f1ando una nueva oferta de actividad de monta\u00f1a para el Bajo Aran e Irissa.<\/p>\n<p>El proyecto, que se encuentra en fase de valoraci\u00f3n, consta en se\u00f1alizar el acceso al Pico del Montlude de 2518m de altura y podr\u00e1 ser accesible desde Canejan, Les, Boss\u00f2st, Arres o Vilam\u00f2s.<\/p>\n<p>&nbsp;<\/p>\n<p><a href=\"http:\/\/www.conselharan.org\/wp-content\/uploads\/2016\/03\/Montlude.jpg\"><img loading=\"lazy\" decoding=\"async\" class=\"aligncenter size-large wp-image-10836\" src=\"http:\/\/www.conselharan.org\/wp-content\/uploads\/2016\/03\/Montlude-1024x785.jpg\" alt=\"Montlude\" width=\"1024\" height=\"785\" srcset=\"https:\/\/www.conselharan.org\/wp-content\/uploads\/2016\/03\/Montlude-1024x785.jpg 1024w, https:\/\/www.conselharan.org\/wp-content\/uploads\/2016\/03\/Montlude-300x230.jpg 300w\" sizes=\"(max-width: 1024px) 100vw, 1024px\" \/><\/a><\/p>\n<p>&nbsp;<\/p>\n<p>En palabras del conselh\u00e8r de Territorio de Aran, <strong>Jose Antonio Boya, \u201cdesde cada uno de estos pueblos se se\u00f1alizar\u00e1 el camino de acceso al Montlude este verano y, el Conselh Generau d\u2019Aran y el Ayuntamiento de Boss\u00f2st colaborar\u00e1n en la recuperaci\u00f3n del camino de Margalida que se podr\u00e1 utilizar para iniciar esta ruta desde la misma poblaci\u00f3n. Tambi\u00e9n se tendr\u00e1 que contar con la colaboraci\u00f3n de los otros Ayuntamientos para que se impliquen junto con el Conselh Generau d\u2019Aran en la limpieza de alguno de los caminos tradicionales que actualmente se encuentran bastante emboscados\u201d.<\/strong><\/p>\n<p>La se\u00f1alizaci\u00f3n de este proyecto ir\u00eda a cargo del Conselh Generau d\u2019Aran que tambi\u00e9n participar\u00eda en la recuperaci\u00f3n y limpieza de los caminos.<\/p>\n<p>&nbsp;<\/p>\n<p><a href=\"http:\/\/www.conselharan.org\/wp-content\/uploads\/2016\/03\/DSC_0093.jpg\"><img loading=\"lazy\" decoding=\"async\" class=\"aligncenter size-large wp-image-10827\" src=\"http:\/\/www.conselharan.org\/wp-content\/uploads\/2016\/03\/DSC_0093-1024x687.jpg\" alt=\"DSC_0093\" width=\"1024\" height=\"687\" srcset=\"https:\/\/www.conselharan.org\/wp-content\/uploads\/2016\/03\/DSC_0093-1024x687.jpg 1024w, https:\/\/www.conselharan.org\/wp-content\/uploads\/2016\/03\/DSC_0093-300x201.jpg 300w\" sizes=\"(max-width: 1024px) 100vw, 1024px\" \/><\/a><\/p>\n<p>&nbsp;<\/p>\n<p>\u201c<strong>La panor\u00e1mica que se puede divisar desde el Pico del Montlude es espectacular y de una gran belleza\u201d<\/strong> ha manifestado la conselh\u00e8ra de Turismo y Desarrollo Econ\u00f3mico d\u2019Aran, <strong>Anna D\u00edaz<\/strong>.<\/p>\n<p>La conselh\u00e8ra <strong>D\u00edaz<\/strong> ha a\u00f1adido <strong>\u201cla propuesta de potenciar el Montlude como un referente de alta monta\u00f1a en los ter\u00e7ons de Irissa y Quate L\u00f2cs es por sus valores naturales y tambi\u00e9n porque es accesible desde estos cinco pueblos. Este hecho lo hace bastante m\u00e1s atractivo ya que la ruta de acceso y descenso puede ser diferente con final siempre en uno de estos cinco pueblos\u201d.<\/strong><\/p>\n<p><strong>\u201cUna vez dise\u00f1adas las rutas, las conselh\u00e8rias de Territorio de Aran y de Turismo y Desarrollo Econ\u00f3mico de Aran har\u00e1n un encuentro con los cinco alcaldes implicados para exponer el proyecto y consolidarlo como un objetivo com\u00fan\u201d<\/strong> ha se\u00f1alado el sindic de Aran, <strong>Carlos Barrera<\/strong>.<\/p>\n<p>&nbsp;<\/p>\n<p>&nbsp;<\/p>\n<p>Vielha, 11 de marzo 2016<\/p>\n<p>&nbsp;<\/p>\n<p><em>Conselh Generau d&#8217;Aran: N\u00faria Sanjuan<\/em><\/p>\n ","protected":false},"excerpt":{"rendered":"<p>\u2022 El proyecto, que se encuentra en fase de valoraci\u00f3n, consta en se\u00f1alizar el acceso al Pico del Montlude de 2518m de altura y podr\u00e1 ser accesible desde Canejan, Les, Boss\u00f2st, Arres o Vilam\u00f2s. El sindic de Aran, Carlos Barrera, con el conselh\u00e8r de Territorio de Aran, Jose Antonio Boya, la conselh\u00e8ra de Turismo y&#8230;<\/p>\n","protected":false},"author":2,"featured_media":10827,"comment_status":"closed","ping_status":"closed","sticky":false,"template":"","format":"standard","meta":{"footnotes":""},"categories":[52],"tags":[],"_links":{"self":[{"href":"https:\/\/www.conselharan.org\/es\/wp-json\/wp\/v2\/posts\/10832"}],"collection":[{"href":"https:\/\/www.conselharan.org\/es\/wp-json\/wp\/v2\/posts"}],"about":[{"href":"https:\/\/www.conselharan.org\/es\/wp-json\/wp\/v2\/types\/post"}],"author":[{"embeddable":true,"href":"https:\/\/www.conselharan.org\/es\/wp-json\/wp\/v2\/users\/2"}],"replies":[{"embeddable":true,"href":"https:\/\/www.conselharan.org\/es\/wp-json\/wp\/v2\/comments?post=10832"}],"version-history":[{"count":2,"href":"https:\/\/www.conselharan.org\/es\/wp-json\/wp\/v2\/posts\/10832\/revisions"}],"predecessor-version":[{"id":10839,"href":"https:\/\/www.conselharan.org\/es\/wp-json\/wp\/v2\/posts\/10832\/revisions\/10839"}],"wp:featuredmedia":[{"embeddable":true,"href":"https:\/\/www.conselharan.org\/es\/wp-json\/wp\/v2\/media\/10827"}],"wp:attachment":[{"href":"https:\/\/www.conselharan.org\/es\/wp-json\/wp\/v2\/media?parent=10832"}],"wp:term":[{"taxonomy":"category","embeddable":true,"href":"https:\/\/www.conselharan.org\/es\/wp-json\/wp\/v2\/categories?post=10832"},{"taxonomy":"post_tag","embeddable":true,"href":"https:\/\/www.conselharan.org\/es\/wp-json\/wp\/v2\/tags?post=10832"}],"curies":[{"name":"wp","href":"https:\/\/api.w.org\/{rel}","templated":true}]}}