{"id":10999,"date":"2016-03-18T22:16:49","date_gmt":"2016-03-18T21:16:49","guid":{"rendered":"http:\/\/www.conselharan.org\/es\/aran-park-dauris-ath-public\/"},"modified":"2016-03-20T17:31:21","modified_gmt":"2016-03-20T16:31:21","slug":"aran-park-dauris-ath-public","status":"publish","type":"post","link":"https:\/\/www.conselharan.org\/es\/aran-park-dauris-ath-public\/","title":{"rendered":"Aran Park daur\u00eds ath public"},"content":{"rendered":"<p><strong>Eth parc de visualizacion de fauna, Aran Park, iniciar\u00e0 eth dissabte, dia 19 de mar\u00e7, era sua quarta sason.<\/strong><\/p>\n<p><strong>Eth parc se tr\u00f2be en Portilhon, a 6km deth p\u00f2ble de Boss\u00f2st.<\/strong><\/p>\n<p>&nbsp;<\/p>\n<p><a href=\"http:\/\/www.conselharan.org\/wp-content\/uploads\/2016\/03\/DSC_0456.jpg\"><img loading=\"lazy\" decoding=\"async\" class=\"aligncenter size-large wp-image-10997\" src=\"http:\/\/www.conselharan.org\/wp-content\/uploads\/2016\/03\/DSC_0456-1024x687.jpg\" alt=\"DSC_0456\" width=\"1024\" height=\"687\" srcset=\"https:\/\/www.conselharan.org\/wp-content\/uploads\/2016\/03\/DSC_0456-1024x687.jpg 1024w, https:\/\/www.conselharan.org\/wp-content\/uploads\/2016\/03\/DSC_0456-300x201.jpg 300w\" sizes=\"(max-width: 1024px) 100vw, 1024px\" \/><\/a><\/p>\n<p><em>Eth conselh\u00e8r de Territ\u00f2ri d&#8217;Aran, Jose A. Boya, damb eth director e trabalhadors d&#8217;Aran Park.<\/em><\/p>\n<p>&nbsp;<\/p>\n<p>Es Piren\u00e8us e era fauna sauvatja se tr\u00f2ben a compdar deth 2013 en Aran Park, pla\u00e7at en ua des vessants deth P\u00f2rt deth Portilhon entre era Val d\u2019Aran e Bagn\u00e8res de Luchon, eth parc de fauna, cada c\u00f2p damb major riquesa d\u2019animaus, demore convertir-se entath visitant en un corn\u00e8r ent\u00e0 compr\u00e9ner melhor era natura e era fauna que mos entore.<\/p>\n<p>Damb ua superf\u00edcia de vint ectares, era visita transcor en un recorregut de 2 ores a on se p\u00f2den observar catorze esp\u00e8cies diferentes d\u2019animaus, damb un totau de m\u00e8s d\u2019un centenat d\u2019animaus, tant de mamif\u00e8rs coma d\u2019aus, en semi libertat (ossi, gatilops, isards, marm\u00f2tes, lops blanqui, c\u00e8rvis,&#8230;)<\/p>\n<p>Aran Park aufr\u00eds as visitants ua sensacion de proximitat e libertat en tot observar es animaus en s\u00f2n pr\u00f2pi abitat. Atau madeish les permet descorbir e calar-se enes imponents b\u00f2squi qu\u2019auem en territ\u00f2ri.<\/p>\n<p>Aran Park in\u00edcie era <strong>sason eth 19 de mar\u00e7 en tot daurir toti es dies enquiar 1 de noveme, de 09:30 a 18:00 ores, e enqui\u00e0s 19:00 ores es mesi de junhs\u00e8ga e agost.<\/strong> Dispause d\u2019un airau de picnic ath cant d\u2019un snack-bar, daurit es dimenjades, h\u00e8stius e vacances escolares, en quau s\u2019aufrissen begudes e servici de minjars.<\/p>\n<p>Aran Park arrib\u00e8c a registrar m\u00e8s de 42.000 visites en 2015.<\/p>\n<p>&nbsp;<\/p>\n<p>M\u00e8s informacion: <a href=\"http:\/\/www.aran-park.es\" target=\"_blank\">www.aran-park.es<\/a><\/p>\n<p>&nbsp;<\/p>\n<p>Vielha, 18 de mar\u00e7 de 2016<\/p>\n<p>&nbsp;<\/p>\n<p><em>Conselh Generau d&#8217;Aran: N\u00faria Sanjuan<\/em><\/p>\n ","protected":false},"excerpt":{"rendered":"<p>Eth parc de visualizacion de fauna, Aran Park, iniciar\u00e0 eth dissabte, dia 19 de mar\u00e7, era sua quarta sason. Eth parc se tr\u00f2be en Portilhon, a 6km deth p\u00f2ble de Boss\u00f2st. &nbsp; Eth conselh\u00e8r de Territ\u00f2ri d&#8217;Aran, Jose A. Boya, damb eth director e trabalhadors d&#8217;Aran Park. &nbsp; Es Piren\u00e8us e era fauna sauvatja se&#8230;<\/p>\n","protected":false},"author":2,"featured_media":10997,"comment_status":"closed","ping_status":"closed","sticky":false,"template":"","format":"standard","meta":{"footnotes":""},"categories":[34],"tags":[],"_links":{"self":[{"href":"https:\/\/www.conselharan.org\/es\/wp-json\/wp\/v2\/posts\/10999"}],"collection":[{"href":"https:\/\/www.conselharan.org\/es\/wp-json\/wp\/v2\/posts"}],"about":[{"href":"https:\/\/www.conselharan.org\/es\/wp-json\/wp\/v2\/types\/post"}],"author":[{"embeddable":true,"href":"https:\/\/www.conselharan.org\/es\/wp-json\/wp\/v2\/users\/2"}],"replies":[{"embeddable":true,"href":"https:\/\/www.conselharan.org\/es\/wp-json\/wp\/v2\/comments?post=10999"}],"version-history":[{"count":1,"href":"https:\/\/www.conselharan.org\/es\/wp-json\/wp\/v2\/posts\/10999\/revisions"}],"predecessor-version":[{"id":11015,"href":"https:\/\/www.conselharan.org\/es\/wp-json\/wp\/v2\/posts\/10999\/revisions\/11015"}],"wp:featuredmedia":[{"embeddable":true,"href":"https:\/\/www.conselharan.org\/es\/wp-json\/wp\/v2\/media\/10997"}],"wp:attachment":[{"href":"https:\/\/www.conselharan.org\/es\/wp-json\/wp\/v2\/media?parent=10999"}],"wp:term":[{"taxonomy":"category","embeddable":true,"href":"https:\/\/www.conselharan.org\/es\/wp-json\/wp\/v2\/categories?post=10999"},{"taxonomy":"post_tag","embeddable":true,"href":"https:\/\/www.conselharan.org\/es\/wp-json\/wp\/v2\/tags?post=10999"}],"curies":[{"name":"wp","href":"https:\/\/api.w.org\/{rel}","templated":true}]}}