{"id":11013,"date":"2016-03-19T20:15:35","date_gmt":"2016-03-19T19:15:35","guid":{"rendered":"http:\/\/www.conselharan.org\/es\/?p=11013"},"modified":"2016-03-19T20:19:16","modified_gmt":"2016-03-19T19:19:16","slug":"era-olhada-en-las-clasificatorias-de-la-copa-del-mundo-de-sbx-fis-baqueira","status":"publish","type":"post","link":"https:\/\/www.conselharan.org\/es\/era-olhada-en-las-clasificatorias-de-la-copa-del-mundo-de-sbx-fis-baqueira\/","title":{"rendered":"\u201cEra \u00d2lhada\u201d en las clasificatorias  de la Copa del Mundo de SBX FIS Baqueira"},"content":{"rendered":"<p>\u2022 <strong>M\u00e1s de 1.500 espectadores no se han querido perder el espect\u00e1culo deportivo que les ofrece este fin de semana Baqueira Beret, d\u00f3nde adem\u00e1s han podido degustar la \u00f2lha aranesa en el village.<\/strong><\/p>\n<p><strong>\u2022 Lucas Eguibar, rider de la RFEDI, ha ganado la clasificatoria de las finales de la Copa del Mundo de Snowboard Cross (SBX) FIS de Baqueira Beret.<\/strong><\/p>\n<p>&nbsp;<\/p>\n<p><a href=\"http:\/\/www.conselharan.org\/wp-content\/uploads\/2016\/03\/circuit-sbx.jpg\"><img loading=\"lazy\" decoding=\"async\" class=\"aligncenter size-large wp-image-11007\" src=\"http:\/\/www.conselharan.org\/wp-content\/uploads\/2016\/03\/circuit-sbx-1024x1024.jpg\" alt=\"circuit sbx\" width=\"1024\" height=\"1024\" srcset=\"https:\/\/www.conselharan.org\/wp-content\/uploads\/2016\/03\/circuit-sbx-1024x1024.jpg 1024w, https:\/\/www.conselharan.org\/wp-content\/uploads\/2016\/03\/circuit-sbx-150x150.jpg 150w, https:\/\/www.conselharan.org\/wp-content\/uploads\/2016\/03\/circuit-sbx-300x300.jpg 300w, https:\/\/www.conselharan.org\/wp-content\/uploads\/2016\/03\/circuit-sbx-270x270.jpg 270w, https:\/\/www.conselharan.org\/wp-content\/uploads\/2016\/03\/circuit-sbx-207x207.jpg 207w, https:\/\/www.conselharan.org\/wp-content\/uploads\/2016\/03\/circuit-sbx-75x75.jpg 75w, https:\/\/www.conselharan.org\/wp-content\/uploads\/2016\/03\/circuit-sbx.jpg 1600w\" sizes=\"(max-width: 1024px) 100vw, 1024px\" \/><\/a><\/p>\n<p>&nbsp;<\/p>\n<p>En un ambiente \u00fanico y espectacular, Baqueira Beret ha celebrado las clasificatorias masculinas de la gran final de la Copa del Mundo de Snowboard Cross (SBX) FIS que se disputar\u00e1 ma\u00f1ana, 20 de marzo, donde los riders bajar\u00e1n en grupos de 4 y los 2 primeros de cada manga pasar\u00e1n a la siguiente ronda hasta llegar a la gran final.<\/p>\n<p>&nbsp;<\/p>\n<p><a href=\"http:\/\/www.conselharan.org\/wp-content\/uploads\/2016\/03\/DSC_0534.jpg\"><img loading=\"lazy\" decoding=\"async\" class=\"aligncenter size-large wp-image-11005\" src=\"http:\/\/www.conselharan.org\/wp-content\/uploads\/2016\/03\/DSC_0534-1024x555.jpg\" alt=\"DSC_0534\" width=\"1024\" height=\"555\" srcset=\"https:\/\/www.conselharan.org\/wp-content\/uploads\/2016\/03\/DSC_0534-1024x555.jpg 1024w, https:\/\/www.conselharan.org\/wp-content\/uploads\/2016\/03\/DSC_0534-300x163.jpg 300w\" sizes=\"(max-width: 1024px) 100vw, 1024px\" \/><\/a><\/p>\n<p>&nbsp;<\/p>\n<p>El primer clasificado de hoy ha sido el rider de la <strong>RFEDI, Lucas Eguibar<\/strong>, seguido de Alessandro Haemmerle y tercero Aleksandr Guzachev.<\/p>\n<p>Ma\u00f1ana, se realizar\u00e1n las clasificatorias femeninas.<\/p>\n<p>&nbsp;<\/p>\n<p><a href=\"http:\/\/www.conselharan.org\/wp-content\/uploads\/2016\/03\/DSC_0384.jpg\"><img loading=\"lazy\" decoding=\"async\" class=\"aligncenter size-large wp-image-11009\" src=\"http:\/\/www.conselharan.org\/wp-content\/uploads\/2016\/03\/DSC_0384-1024x1008.jpg\" alt=\"DSC_0384\" width=\"1024\" height=\"1008\" srcset=\"https:\/\/www.conselharan.org\/wp-content\/uploads\/2016\/03\/DSC_0384-1024x1008.jpg 1024w, https:\/\/www.conselharan.org\/wp-content\/uploads\/2016\/03\/DSC_0384-300x295.jpg 300w, https:\/\/www.conselharan.org\/wp-content\/uploads\/2016\/03\/DSC_0384-75x75.jpg 75w, https:\/\/www.conselharan.org\/wp-content\/uploads\/2016\/03\/DSC_0384.jpg 1447w\" sizes=\"(max-width: 1024px) 100vw, 1024px\" \/><\/a><\/p>\n<p><em>Pau Don\u00e9s en el village<\/em><\/p>\n<p>&nbsp;<\/p>\n<p><a href=\"http:\/\/www.conselharan.org\/wp-content\/uploads\/2016\/03\/DSC_0532.jpg\"><img loading=\"lazy\" decoding=\"async\" class=\"aligncenter size-large wp-image-11006\" src=\"http:\/\/www.conselharan.org\/wp-content\/uploads\/2016\/03\/DSC_0532-1024x687.jpg\" alt=\"DSC_0532\" width=\"1024\" height=\"687\" srcset=\"https:\/\/www.conselharan.org\/wp-content\/uploads\/2016\/03\/DSC_0532-1024x687.jpg 1024w, https:\/\/www.conselharan.org\/wp-content\/uploads\/2016\/03\/DSC_0532-300x201.jpg 300w\" sizes=\"(max-width: 1024px) 100vw, 1024px\" \/><\/a><\/p>\n<p><em>La infanta Elena y su hija Victoria Federica, no se han querido perder el espect\u00e1culo deportivo<\/em><\/p>\n<p>&nbsp;<\/p>\n<p>M\u00e1s de 1.500 personas han disfrutado de un espect\u00e1culo deportivo \u00fanico en la estaci\u00f3n de esqu\u00ed de la Val d\u2019Aran, Baqueira Beret, donde adem\u00e1s en el village, situado en meta, ha tenido lugar una nueva edici\u00f3n de <strong>\u201cEra \u00d2lhada\u201d<\/strong>, el evento gastron\u00f3mico dedicado a uno de los platos t\u00edpicos de la Val d&#8217;Aran: la \u00f2lha aranesa, de la que se han servido <strong>350 raciones.<\/strong><\/p>\n<p>&nbsp;<\/p>\n<p><a href=\"http:\/\/www.conselharan.org\/wp-content\/uploads\/2016\/03\/DSC_0503.jpg\"><img loading=\"lazy\" decoding=\"async\" class=\"aligncenter size-large wp-image-11002\" src=\"http:\/\/www.conselharan.org\/wp-content\/uploads\/2016\/03\/DSC_0503-1024x687.jpg\" alt=\"DSC_0503\" width=\"1024\" height=\"687\" srcset=\"https:\/\/www.conselharan.org\/wp-content\/uploads\/2016\/03\/DSC_0503-1024x687.jpg 1024w, https:\/\/www.conselharan.org\/wp-content\/uploads\/2016\/03\/DSC_0503-300x201.jpg 300w\" sizes=\"(max-width: 1024px) 100vw, 1024px\" \/><\/a><\/p>\n<p>&nbsp;<\/p>\n<p><a href=\"http:\/\/www.conselharan.org\/wp-content\/uploads\/2016\/03\/DSC_0530.jpg\"><img loading=\"lazy\" decoding=\"async\" class=\"aligncenter size-large wp-image-11003\" src=\"http:\/\/www.conselharan.org\/wp-content\/uploads\/2016\/03\/DSC_0530-1024x687.jpg\" alt=\"DSC_0530\" width=\"1024\" height=\"687\" srcset=\"https:\/\/www.conselharan.org\/wp-content\/uploads\/2016\/03\/DSC_0530-1024x687.jpg 1024w, https:\/\/www.conselharan.org\/wp-content\/uploads\/2016\/03\/DSC_0530-300x201.jpg 300w\" sizes=\"(max-width: 1024px) 100vw, 1024px\" \/><\/a><\/p>\n<p>&nbsp;<\/p>\n<p><strong>\u201cEra \u00d2lhada es una de las mejores maneras de poder dar a conocer nuestra gastronom\u00eda a todo el mundo. Aprovechando el acontecimiento de la Copa del Mundo de Snowboard Cross FIS que se celebra este fin de semana en Baqueira Beret, tanto los espectadores como periodistas han podido degustar la olla aranesa y otros productos de la Val d\u2019Aran\u201d<\/strong>, ha comentado la conselh\u00e8ra de Turismo y Desarrollo Econ\u00f3mico de Aran, <strong>Anna D\u00edaz.<\/strong><\/p>\n<p>Ma\u00f1ana, 20 de marzo, en el village adem\u00e1s de poder degustar productos de la <strong>Marca Garant\u00eda de la Val d\u2019Aran<\/strong>, a partir de las 14:30 se celebrar\u00e1 la gran fiesta de clausura con un DJ invitado y \u00a1otras muchas sorpresas!<\/p>\n<p>&nbsp;<\/p>\n<p><a href=\"http:\/\/www.conselharan.org\/wp-content\/uploads\/2016\/03\/DSC_0474.jpg\"><img loading=\"lazy\" decoding=\"async\" class=\"aligncenter size-large wp-image-11008\" src=\"http:\/\/www.conselharan.org\/wp-content\/uploads\/2016\/03\/DSC_0474-1024x687.jpg\" alt=\"DSC_0474\" width=\"1024\" height=\"687\" srcset=\"https:\/\/www.conselharan.org\/wp-content\/uploads\/2016\/03\/DSC_0474-1024x687.jpg 1024w, https:\/\/www.conselharan.org\/wp-content\/uploads\/2016\/03\/DSC_0474-300x201.jpg 300w\" sizes=\"(max-width: 1024px) 100vw, 1024px\" \/><\/a><\/p>\n<p>&nbsp;<\/p>\n<ul>\n<li><strong>Autobuses hasta Beret<\/strong><\/li>\n<\/ul>\n<p>La organizaci\u00f3n del Campeonato del Mundo de SBX pondr\u00e1 servicio de autobuses hasta el Pla de Beret. El servicio tiene conexi\u00f3n en Baqueira con las rutas del transporte interno de la Val d\u2019Aran. Horarios:<\/p>\n<p><strong>Domingo, 20 de marzo<\/strong><br \/>\nBaqueira &#8211; Beret 10:30 horas<br \/>\nBaqueira &#8211; Beret 11:30 horas<br \/>\nBeret &#8211; Baqueira 15:00 horas<\/p>\n<p>&nbsp;<\/p>\n<p>&nbsp;<\/p>\n<p>Vielha, 19 de marzo de 2016<\/p>\n<p>&nbsp;<\/p>\n<p><em>Conselh Generau d&#8217;Aran: N\u00faria Sanjuan<\/em><\/p>\n ","protected":false},"excerpt":{"rendered":"<p>\u2022 M\u00e1s de 1.500 espectadores no se han querido perder el espect\u00e1culo deportivo que les ofrece este fin de semana Baqueira Beret, d\u00f3nde adem\u00e1s han podido degustar la \u00f2lha aranesa en el village. \u2022 Lucas Eguibar, rider de la RFEDI, ha ganado la clasificatoria de las finales de la Copa del Mundo de Snowboard Cross&#8230;<\/p>\n","protected":false},"author":2,"featured_media":11003,"comment_status":"closed","ping_status":"closed","sticky":false,"template":"","format":"standard","meta":{"footnotes":""},"categories":[34],"tags":[],"_links":{"self":[{"href":"https:\/\/www.conselharan.org\/es\/wp-json\/wp\/v2\/posts\/11013"}],"collection":[{"href":"https:\/\/www.conselharan.org\/es\/wp-json\/wp\/v2\/posts"}],"about":[{"href":"https:\/\/www.conselharan.org\/es\/wp-json\/wp\/v2\/types\/post"}],"author":[{"embeddable":true,"href":"https:\/\/www.conselharan.org\/es\/wp-json\/wp\/v2\/users\/2"}],"replies":[{"embeddable":true,"href":"https:\/\/www.conselharan.org\/es\/wp-json\/wp\/v2\/comments?post=11013"}],"version-history":[{"count":1,"href":"https:\/\/www.conselharan.org\/es\/wp-json\/wp\/v2\/posts\/11013\/revisions"}],"predecessor-version":[{"id":11014,"href":"https:\/\/www.conselharan.org\/es\/wp-json\/wp\/v2\/posts\/11013\/revisions\/11014"}],"wp:featuredmedia":[{"embeddable":true,"href":"https:\/\/www.conselharan.org\/es\/wp-json\/wp\/v2\/media\/11003"}],"wp:attachment":[{"href":"https:\/\/www.conselharan.org\/es\/wp-json\/wp\/v2\/media?parent=11013"}],"wp:term":[{"taxonomy":"category","embeddable":true,"href":"https:\/\/www.conselharan.org\/es\/wp-json\/wp\/v2\/categories?post=11013"},{"taxonomy":"post_tag","embeddable":true,"href":"https:\/\/www.conselharan.org\/es\/wp-json\/wp\/v2\/tags?post=11013"}],"curies":[{"name":"wp","href":"https:\/\/api.w.org\/{rel}","templated":true}]}}