{"id":11053,"date":"2016-03-20T17:00:22","date_gmt":"2016-03-20T16:00:22","guid":{"rendered":"http:\/\/www.conselharan.org\/es\/eth-govern-daran-expresse-eth-son-do-pes-victimes-der-accident-de-freginals\/"},"modified":"2016-03-20T22:06:26","modified_gmt":"2016-03-20T21:06:26","slug":"eth-govern-daran-expresse-eth-son-do-pes-victimes-der-accident-de-freginals","status":"publish","type":"post","link":"https:\/\/www.conselharan.org\/es\/eth-govern-daran-expresse-eth-son-do-pes-victimes-der-accident-de-freginals\/","title":{"rendered":"Eth Gov\u00e8rn d&#8217;Aran expr\u00e8sse eth s\u00f2n d\u00f2 pes victimes der accident de Freginals"},"content":{"rendered":"<ul>\n<li><strong>Aguest maitin s&#8217;a\u00a0produsit un gr\u00e8u accident d&#8217;autobus ena AP-7, ara nautada de Freginals. En autobus, d&#8217;ua empresa de Mollet del Vall\u00e8s, i viatjauen 57 persones. Entre eres, i aurie 13 victimes mortaus e herits de diu\u00e8rsa consideracion.<\/strong><\/li>\n<\/ul>\n<p>&nbsp;<\/p>\n<p><a href=\"http:\/\/www.conselharan.org\/wp-content\/uploads\/2016\/03\/ap-7-freginals-1458464089983.jpg\"><img loading=\"lazy\" decoding=\"async\" class=\"aligncenter size-full wp-image-11051\" src=\"http:\/\/www.conselharan.org\/wp-content\/uploads\/2016\/03\/ap-7-freginals-1458464089983.jpg\" alt=\"ap-7-freginals-1458464089983\" width=\"212\" height=\"264\" \/><\/a><\/p>\n<p>&nbsp;<\/p>\n<p>&nbsp;<\/p>\n<p>Eth sindic d&#8217;Aran,<strong> Carlos Barrera<\/strong> a manifestat en s\u00f2n n\u00f2m e deth \u00a0<strong>Gov\u00e8rn d&#8217;Aran<\/strong>\u00a0<strong>\u201ceth n\u00f2ste m\u00e8s sentit d\u00f2 e sup\u00f2rt as familhars des victimes e as afectadi per accident dera AP7 d&#8217;aguest maitin\u00bb.<\/strong><\/p>\n<p>&nbsp;<\/p>\n<p>&nbsp;<\/p>\n<p>Vielha, 20 de mar\u00e7 de 2016<\/p>\n<p>&nbsp;<\/p>\n<p><em>Conselh Geenrau d&#8217;Aran: N\u00faria Sanjuan<\/em><\/p>\n<p>&nbsp;<\/p>\n<p>&nbsp;<\/p>\n<p>&nbsp;<\/p>\n<p>&nbsp;<\/p>\n ","protected":false},"excerpt":{"rendered":"<p>Aguest maitin s&#8217;a\u00a0produsit un gr\u00e8u accident d&#8217;autobus ena AP-7, ara nautada de Freginals. En autobus, d&#8217;ua empresa de Mollet del Vall\u00e8s, i viatjauen 57 persones. Entre eres, i aurie 13 victimes mortaus e herits de diu\u00e8rsa consideracion. &nbsp; &nbsp; &nbsp; Eth sindic d&#8217;Aran, Carlos Barrera a manifestat en s\u00f2n n\u00f2m e deth \u00a0Gov\u00e8rn d&#8217;Aran\u00a0\u201ceth n\u00f2ste&#8230;<\/p>\n","protected":false},"author":2,"featured_media":11051,"comment_status":"closed","ping_status":"closed","sticky":false,"template":"","format":"standard","meta":{"footnotes":""},"categories":[34],"tags":[],"_links":{"self":[{"href":"https:\/\/www.conselharan.org\/es\/wp-json\/wp\/v2\/posts\/11053"}],"collection":[{"href":"https:\/\/www.conselharan.org\/es\/wp-json\/wp\/v2\/posts"}],"about":[{"href":"https:\/\/www.conselharan.org\/es\/wp-json\/wp\/v2\/types\/post"}],"author":[{"embeddable":true,"href":"https:\/\/www.conselharan.org\/es\/wp-json\/wp\/v2\/users\/2"}],"replies":[{"embeddable":true,"href":"https:\/\/www.conselharan.org\/es\/wp-json\/wp\/v2\/comments?post=11053"}],"version-history":[{"count":1,"href":"https:\/\/www.conselharan.org\/es\/wp-json\/wp\/v2\/posts\/11053\/revisions"}],"predecessor-version":[{"id":11055,"href":"https:\/\/www.conselharan.org\/es\/wp-json\/wp\/v2\/posts\/11053\/revisions\/11055"}],"wp:featuredmedia":[{"embeddable":true,"href":"https:\/\/www.conselharan.org\/es\/wp-json\/wp\/v2\/media\/11051"}],"wp:attachment":[{"href":"https:\/\/www.conselharan.org\/es\/wp-json\/wp\/v2\/media?parent=11053"}],"wp:term":[{"taxonomy":"category","embeddable":true,"href":"https:\/\/www.conselharan.org\/es\/wp-json\/wp\/v2\/categories?post=11053"},{"taxonomy":"post_tag","embeddable":true,"href":"https:\/\/www.conselharan.org\/es\/wp-json\/wp\/v2\/tags?post=11053"}],"curies":[{"name":"wp","href":"https:\/\/api.w.org\/{rel}","templated":true}]}}