{"id":11063,"date":"2016-03-21T11:19:03","date_gmt":"2016-03-21T10:19:03","guid":{"rendered":"http:\/\/www.conselharan.org\/es\/?p=11063"},"modified":"2016-03-21T11:19:09","modified_gmt":"2016-03-21T10:19:09","slug":"el-aranes-alex-puente-tasias-top-30-en-el-slalom-final-de-copa-de-europa-fis","status":"publish","type":"post","link":"https:\/\/www.conselharan.org\/es\/el-aranes-alex-puente-tasias-top-30-en-el-slalom-final-de-copa-de-europa-fis\/","title":{"rendered":"El aran\u00e9s, \u00c1lex Puente Tasias, Top 30 en el slalom final de Copa de Europa FIS"},"content":{"rendered":"<p>\u2022<strong> El pasado 17 de marzo, La Molina recibi\u00f3 el slalom de la \u00faltima prueba del circuito de Copa de Europa FIS de esqu\u00ed alpino.<\/strong><\/p>\n<p><strong>\u2022 \u00c1lex Puente, de la RFEDI consigui\u00f3 situarse entre los 30 primeros puntuando por primera vez en FIS de Copa de Europa.<\/strong><\/p>\n<p>&nbsp;<\/p>\n<p><a href=\"http:\/\/www.conselharan.org\/wp-content\/uploads\/2016\/03\/\u00e1lex-puente-top-30.jpg\"><img loading=\"lazy\" decoding=\"async\" class=\"aligncenter size-large wp-image-11058\" src=\"http:\/\/www.conselharan.org\/wp-content\/uploads\/2016\/03\/\u00e1lex-puente-top-30-1024x683.jpg\" alt=\"\u00e1lex puente-top 30\" width=\"1024\" height=\"683\" srcset=\"https:\/\/www.conselharan.org\/wp-content\/uploads\/2016\/03\/\u00e1lex-puente-top-30-1024x683.jpg 1024w, https:\/\/www.conselharan.org\/wp-content\/uploads\/2016\/03\/\u00e1lex-puente-top-30-300x200.jpg 300w, https:\/\/www.conselharan.org\/wp-content\/uploads\/2016\/03\/\u00e1lex-puente-top-30.jpg 1181w\" sizes=\"(max-width: 1024px) 100vw, 1024px\" \/><\/a><\/p>\n<p>&nbsp;<\/p>\n<p>El componente aran\u00e9s de las estructuras de la Real Federaci\u00f3n Espa\u00f1ola Deportes Invierno (<strong>RFEDI<\/strong>), <strong>\u00c1lex Puente Tasias<\/strong> (FCEH- CAEI), entr\u00f3 en el Top 30 en Copa de Europa FIS con la \u00faltima prueba de la disciplina de slalom de la temporada 2015-2016 que se celebr\u00f3 en La Molina.<\/p>\n<p>\u00c1lex punt\u00faa as\u00ed por primera vez en Copa de Europa.<\/p>\n<p>El <strong>Conselh Generau d\u2019Aran<\/strong> y <strong>Torisme Val d\u2019Aran<\/strong> firmaron un convenio de patrocinio con el esquiador profesional aran\u00e9s, \u00c1lex Puente Tasias, para promocionar el destino tur\u00edstico deportivo Val d\u2019Aran por el mundo, representado en la imagen y en los valores del deportista, y del equipo que forma parte.<\/p>\n<p>&nbsp;<\/p>\n<p>Vielha, 21 de marzo de 2016<\/p>\n<p>&nbsp;<\/p>\n<p><em>Conselh Generau d&#8217;Aran: N\u00faria Sanjuan<\/em><\/p>\n<p><em>Fuente: RFEDI<\/em><\/p>\n<p>&nbsp;<\/p>\n ","protected":false},"excerpt":{"rendered":"<p>\u2022 El pasado 17 de marzo, La Molina recibi\u00f3 el slalom de la \u00faltima prueba del circuito de Copa de Europa FIS de esqu\u00ed alpino. \u2022 \u00c1lex Puente, de la RFEDI consigui\u00f3 situarse entre los 30 primeros puntuando por primera vez en FIS de Copa de Europa. &nbsp; &nbsp; El componente aran\u00e9s de las estructuras&#8230;<\/p>\n","protected":false},"author":2,"featured_media":11058,"comment_status":"closed","ping_status":"closed","sticky":false,"template":"","format":"standard","meta":{"footnotes":""},"categories":[34],"tags":[],"_links":{"self":[{"href":"https:\/\/www.conselharan.org\/es\/wp-json\/wp\/v2\/posts\/11063"}],"collection":[{"href":"https:\/\/www.conselharan.org\/es\/wp-json\/wp\/v2\/posts"}],"about":[{"href":"https:\/\/www.conselharan.org\/es\/wp-json\/wp\/v2\/types\/post"}],"author":[{"embeddable":true,"href":"https:\/\/www.conselharan.org\/es\/wp-json\/wp\/v2\/users\/2"}],"replies":[{"embeddable":true,"href":"https:\/\/www.conselharan.org\/es\/wp-json\/wp\/v2\/comments?post=11063"}],"version-history":[{"count":1,"href":"https:\/\/www.conselharan.org\/es\/wp-json\/wp\/v2\/posts\/11063\/revisions"}],"predecessor-version":[{"id":11064,"href":"https:\/\/www.conselharan.org\/es\/wp-json\/wp\/v2\/posts\/11063\/revisions\/11064"}],"wp:featuredmedia":[{"embeddable":true,"href":"https:\/\/www.conselharan.org\/es\/wp-json\/wp\/v2\/media\/11058"}],"wp:attachment":[{"href":"https:\/\/www.conselharan.org\/es\/wp-json\/wp\/v2\/media?parent=11063"}],"wp:term":[{"taxonomy":"category","embeddable":true,"href":"https:\/\/www.conselharan.org\/es\/wp-json\/wp\/v2\/categories?post=11063"},{"taxonomy":"post_tag","embeddable":true,"href":"https:\/\/www.conselharan.org\/es\/wp-json\/wp\/v2\/tags?post=11063"}],"curies":[{"name":"wp","href":"https:\/\/api.w.org\/{rel}","templated":true}]}}