{"id":11072,"date":"2016-03-21T12:46:53","date_gmt":"2016-03-21T11:46:53","guid":{"rendered":"http:\/\/www.conselharan.org\/es\/?p=11072"},"modified":"2016-03-21T12:46:53","modified_gmt":"2016-03-21T11:46:53","slug":"noche-poetica-la-poesia-en-el-tiempo-de-las-ordenaciones-en-el-museo-de-la-val-daran-en-vielha","status":"publish","type":"post","link":"https:\/\/www.conselharan.org\/es\/noche-poetica-la-poesia-en-el-tiempo-de-las-ordenaciones-en-el-museo-de-la-val-daran-en-vielha\/","title":{"rendered":"Noche po\u00e9tica: \u00abLa Poes\u00eda en el tiempo de las \u00abOrdenaciones\u00bb\u00bb en el Museo de la Val d&#8217;Aran en Vielha"},"content":{"rendered":"<p><strong>El lunes, 21 de marzo, el Museo de la Val d&#8217;Aran celebra el D\u00eda Internacional de la Poes\u00eda con una tarde po\u00e9tica \u00abLa Poes\u00eda en el tiempo de las \u00abOrdenaciones\u00bb\u00bb.<\/strong><\/p>\n<p><strong>El acto tendr\u00e1 lugar en la recepci\u00f3n del Museo de la Val d&#8217;Aran a las 22:00 horas.<\/strong><\/p>\n<p><a href=\"http:\/\/www.conselharan.org\/wp-content\/uploads\/2016\/03\/cartell-poesia-2016-def.jpg\"><img loading=\"lazy\" decoding=\"async\" class=\"aligncenter size-large wp-image-11067\" src=\"http:\/\/www.conselharan.org\/wp-content\/uploads\/2016\/03\/cartell-poesia-2016-def-724x1024.jpg\" alt=\"cartell poesia 2016 def\" width=\"724\" height=\"1024\" srcset=\"https:\/\/www.conselharan.org\/wp-content\/uploads\/2016\/03\/cartell-poesia-2016-def-724x1024.jpg 724w, https:\/\/www.conselharan.org\/wp-content\/uploads\/2016\/03\/cartell-poesia-2016-def-212x300.jpg 212w\" sizes=\"(max-width: 724px) 100vw, 724px\" \/><\/a><\/p>\n<p>&nbsp;<\/p>\n<p>Vielha, 21 de marzo de 2016<\/p>\n<p>&nbsp;<\/p>\n<p><em>Conselh Generau d&#8217;Aran: N\u00faria Sanjuan<\/em><\/p>\n<p><em>Fuente: Muse\u00f9 dera Val d&#8217;Aran<\/em><\/p>\n<p>&nbsp;<\/p>\n<p>&nbsp;<\/p>\n ","protected":false},"excerpt":{"rendered":"<p>El lunes, 21 de marzo, el Museo de la Val d&#8217;Aran celebra el D\u00eda Internacional de la Poes\u00eda con una tarde po\u00e9tica \u00abLa Poes\u00eda en el tiempo de las \u00abOrdenaciones\u00bb\u00bb. El acto tendr\u00e1 lugar en la recepci\u00f3n del Museo de la Val d&#8217;Aran a las 22:00 horas. &nbsp; Vielha, 21 de marzo de 2016 &nbsp;&#8230;<\/p>\n","protected":false},"author":2,"featured_media":11067,"comment_status":"closed","ping_status":"closed","sticky":false,"template":"","format":"standard","meta":{"footnotes":""},"categories":[34],"tags":[],"_links":{"self":[{"href":"https:\/\/www.conselharan.org\/es\/wp-json\/wp\/v2\/posts\/11072"}],"collection":[{"href":"https:\/\/www.conselharan.org\/es\/wp-json\/wp\/v2\/posts"}],"about":[{"href":"https:\/\/www.conselharan.org\/es\/wp-json\/wp\/v2\/types\/post"}],"author":[{"embeddable":true,"href":"https:\/\/www.conselharan.org\/es\/wp-json\/wp\/v2\/users\/2"}],"replies":[{"embeddable":true,"href":"https:\/\/www.conselharan.org\/es\/wp-json\/wp\/v2\/comments?post=11072"}],"version-history":[{"count":1,"href":"https:\/\/www.conselharan.org\/es\/wp-json\/wp\/v2\/posts\/11072\/revisions"}],"predecessor-version":[{"id":11073,"href":"https:\/\/www.conselharan.org\/es\/wp-json\/wp\/v2\/posts\/11072\/revisions\/11073"}],"wp:featuredmedia":[{"embeddable":true,"href":"https:\/\/www.conselharan.org\/es\/wp-json\/wp\/v2\/media\/11067"}],"wp:attachment":[{"href":"https:\/\/www.conselharan.org\/es\/wp-json\/wp\/v2\/media?parent=11072"}],"wp:term":[{"taxonomy":"category","embeddable":true,"href":"https:\/\/www.conselharan.org\/es\/wp-json\/wp\/v2\/categories?post=11072"},{"taxonomy":"post_tag","embeddable":true,"href":"https:\/\/www.conselharan.org\/es\/wp-json\/wp\/v2\/tags?post=11072"}],"curies":[{"name":"wp","href":"https:\/\/api.w.org\/{rel}","templated":true}]}}