{"id":11083,"date":"2016-03-21T16:07:20","date_gmt":"2016-03-21T15:07:20","guid":{"rendered":"http:\/\/www.conselharan.org\/es\/?p=11083"},"modified":"2016-03-21T16:07:20","modified_gmt":"2016-03-21T15:07:20","slug":"el-conselh-generau-daran-organiza-una-jornada-de-poda-en-manzana-de-montana","status":"publish","type":"post","link":"https:\/\/www.conselharan.org\/es\/el-conselh-generau-daran-organiza-una-jornada-de-poda-en-manzana-de-montana\/","title":{"rendered":"El Conselh Generau d\u2019Aran organiza una jornada de poda en manzana de monta\u00f1a"},"content":{"rendered":"<p>\u2022 <strong>La jornada, que es gratuita, tendr\u00e1 lugar el 29 de marzo en la sede del Conselh Generau d\u2019Aran.<\/strong><\/p>\n<p>&nbsp;<\/p>\n<p><a href=\"http:\/\/www.conselharan.org\/wp-content\/uploads\/2016\/03\/POMES.jpg\"><img loading=\"lazy\" decoding=\"async\" class=\"aligncenter size-large wp-image-11078\" src=\"http:\/\/www.conselharan.org\/wp-content\/uploads\/2016\/03\/POMES-1024x366.jpg\" alt=\"POMES\" width=\"1024\" height=\"366\" srcset=\"https:\/\/www.conselharan.org\/wp-content\/uploads\/2016\/03\/POMES-1024x366.jpg 1024w, https:\/\/www.conselharan.org\/wp-content\/uploads\/2016\/03\/POMES-300x107.jpg 300w, https:\/\/www.conselharan.org\/wp-content\/uploads\/2016\/03\/POMES.jpg 1111w\" sizes=\"(max-width: 1024px) 100vw, 1024px\" \/><\/a><\/p>\n<p>&nbsp;<\/p>\n<p>El Gov\u00e8rn de Aran, a trav\u00e9s del Departamento de Agricultura, Ganader\u00eda y Medio Natural, ha organizado una jornada de poda en manzana de monta\u00f1a. Esta jornada, que cuenta con el apoyo del Departamento de Agricultura, Ganader\u00eda, Pesca y Alimentaci\u00f3n de la Generalitat de Catalu\u00f1a, se centra en la tarea de la recuperaci\u00f3n y las potencialidades de nuevos productos emergentes alrededor de las variedades locales de fruta en la Val d\u2019Aran.<\/p>\n<p>La jornada contar\u00e1 con la presencia del sindic de Aran, <strong>Carlos Barrera<\/strong> y del conselh\u00e8r de Agricultura, Ganader\u00eda y Medio Ambiente de Aran, <strong>Jose Enrique Arr\u00f3.<\/strong><\/p>\n<p>En palabras del conselh\u00e8r <strong>Jose Enrique Arr\u00f3 \u201cla jornada tiene como objetivo aportar conocimientos tanto te\u00f3ricos como pr\u00e1cticos sobre la poda del manzano en la Val d\u2019Aran donde este cultivo ha estado desde \u00e9pocas inmemoriales y todav\u00eda est\u00e1 muy presente\u201d.<\/strong><\/p>\n<p>La jornada que se realizar\u00e1 el 29 de marzo en el Conselh Generau d\u2019Aran en Vielha ser\u00e1 gratuita pero hay que inscribirse previamente en:<\/p>\n<p>&#8211; IRTA- EEL: Tel. 973 702 579- A\/e: <a href=\"mailto:eel.informacio@irta.cat\" target=\"_blank\">eel.informacio@irta.cat<\/a><\/p>\n<p>&#8211; Conselh Generau d\u2019Aran: <a href=\"mailto:oriolcros@gencat.cat\" target=\"_blank\">oriolcros@gencat.cat<\/a><\/p>\n<p>Tambi\u00e9n os pod\u00e9is inscribir a trav\u00e9s del servicio de preinscripciones a jornadas del PATT del portal RuralCat: <a href=\"http:\/\/www.ruralcat.net\/preinscripcionspatt\" target=\"_blank\">www.ruralcat.net\/preinscripcionspatt<\/a><\/p>\n<p>&nbsp;<\/p>\n<p>M\u00e1s informaci\u00f3n:\u00a0<a href=\"http:\/\/www.conselharan.org\/wp-content\/uploads\/2016\/03\/Vielha_esporga-poma_3-2.pdf\">Vielha_esporga poma_3 (2)<\/a><\/p>\n<p>&nbsp;<\/p>\n<p>Vielha, 21 de marzo de 2016<\/p>\n<p>&nbsp;<\/p>\n<p><em>Conselh Generau d&#8217;Aran: N\u00faria Sanjuan<\/em><\/p>\n ","protected":false},"excerpt":{"rendered":"<p>\u2022 La jornada, que es gratuita, tendr\u00e1 lugar el 29 de marzo en la sede del Conselh Generau d\u2019Aran. &nbsp; &nbsp; El Gov\u00e8rn de Aran, a trav\u00e9s del Departamento de Agricultura, Ganader\u00eda y Medio Natural, ha organizado una jornada de poda en manzana de monta\u00f1a. Esta jornada, que cuenta con el apoyo del Departamento de&#8230;<\/p>\n","protected":false},"author":2,"featured_media":11078,"comment_status":"closed","ping_status":"closed","sticky":false,"template":"","format":"standard","meta":{"footnotes":""},"categories":[126,34],"tags":[],"_links":{"self":[{"href":"https:\/\/www.conselharan.org\/es\/wp-json\/wp\/v2\/posts\/11083"}],"collection":[{"href":"https:\/\/www.conselharan.org\/es\/wp-json\/wp\/v2\/posts"}],"about":[{"href":"https:\/\/www.conselharan.org\/es\/wp-json\/wp\/v2\/types\/post"}],"author":[{"embeddable":true,"href":"https:\/\/www.conselharan.org\/es\/wp-json\/wp\/v2\/users\/2"}],"replies":[{"embeddable":true,"href":"https:\/\/www.conselharan.org\/es\/wp-json\/wp\/v2\/comments?post=11083"}],"version-history":[{"count":1,"href":"https:\/\/www.conselharan.org\/es\/wp-json\/wp\/v2\/posts\/11083\/revisions"}],"predecessor-version":[{"id":11084,"href":"https:\/\/www.conselharan.org\/es\/wp-json\/wp\/v2\/posts\/11083\/revisions\/11084"}],"wp:featuredmedia":[{"embeddable":true,"href":"https:\/\/www.conselharan.org\/es\/wp-json\/wp\/v2\/media\/11078"}],"wp:attachment":[{"href":"https:\/\/www.conselharan.org\/es\/wp-json\/wp\/v2\/media?parent=11083"}],"wp:term":[{"taxonomy":"category","embeddable":true,"href":"https:\/\/www.conselharan.org\/es\/wp-json\/wp\/v2\/categories?post=11083"},{"taxonomy":"post_tag","embeddable":true,"href":"https:\/\/www.conselharan.org\/es\/wp-json\/wp\/v2\/tags?post=11083"}],"curies":[{"name":"wp","href":"https:\/\/api.w.org\/{rel}","templated":true}]}}