{"id":11094,"date":"2016-03-21T17:01:52","date_gmt":"2016-03-21T16:01:52","guid":{"rendered":"http:\/\/www.conselharan.org\/es\/?p=11094"},"modified":"2016-03-21T17:05:10","modified_gmt":"2016-03-21T16:05:10","slug":"imagenes-de-pyros-al-salir-de-la-invernacion","status":"publish","type":"post","link":"https:\/\/www.conselharan.org\/es\/imagenes-de-pyros-al-salir-de-la-invernacion\/","title":{"rendered":"Im\u00e1genes de Pyros al salir de la invernaci\u00f3n"},"content":{"rendered":"<p><a href=\"http:\/\/www.conselharan.org\/wp-content\/uploads\/2016\/03\/pyros-3.jpg\"><img loading=\"lazy\" decoding=\"async\" class=\"aligncenter size-large wp-image-11089\" src=\"http:\/\/www.conselharan.org\/wp-content\/uploads\/2016\/03\/pyros-3-1024x768.jpg\" alt=\"pyros 3\" width=\"1024\" height=\"768\" srcset=\"https:\/\/www.conselharan.org\/wp-content\/uploads\/2016\/03\/pyros-3-1024x768.jpg 1024w, https:\/\/www.conselharan.org\/wp-content\/uploads\/2016\/03\/pyros-3-300x225.jpg 300w\" sizes=\"(max-width: 1024px) 100vw, 1024px\" \/><\/a><\/p>\n<p>&nbsp;<\/p>\n<p>Fotos efectuadas por c\u00e1maras autom\u00e1ticas del macho <strong>Pyros<\/strong> en el municipio de Vielha e Mijaran. Las fotos fueron efectuadas al salir de la invernaci\u00f3n y demuestran que el macho Pyros contin\u00faa activo.<\/p>\n<p><a href=\"http:\/\/www.conselharan.org\/wp-content\/uploads\/2016\/03\/pyros.jpg\"><img loading=\"lazy\" decoding=\"async\" class=\"aligncenter size-large wp-image-11086\" src=\"http:\/\/www.conselharan.org\/wp-content\/uploads\/2016\/03\/pyros-1024x768.jpg\" alt=\"pyros\" width=\"1024\" height=\"768\" srcset=\"https:\/\/www.conselharan.org\/wp-content\/uploads\/2016\/03\/pyros-1024x768.jpg 1024w, https:\/\/www.conselharan.org\/wp-content\/uploads\/2016\/03\/pyros-300x225.jpg 300w\" sizes=\"(max-width: 1024px) 100vw, 1024px\" \/><\/a><\/p>\n<p>&nbsp;<\/p>\n<p>Recordamos que en el marco del Piroslife est\u00e1 previsto traer un nuevo macho de Eslovenia para diversificar gen\u00e9ticamente la poblaci\u00f3n, dado que todas las paternidades de osos pirenaicos son de Pyros o de sus descendientes.<\/p>\n<p><a href=\"http:\/\/www.conselharan.org\/wp-content\/uploads\/2016\/03\/pyros-1.jpg\"><img loading=\"lazy\" decoding=\"async\" class=\"aligncenter size-large wp-image-11087\" src=\"http:\/\/www.conselharan.org\/wp-content\/uploads\/2016\/03\/pyros-1-1024x768.jpg\" alt=\"pyros 1\" width=\"1024\" height=\"768\" srcset=\"https:\/\/www.conselharan.org\/wp-content\/uploads\/2016\/03\/pyros-1-1024x768.jpg 1024w, https:\/\/www.conselharan.org\/wp-content\/uploads\/2016\/03\/pyros-1-300x225.jpg 300w\" sizes=\"(max-width: 1024px) 100vw, 1024px\" \/><\/a><\/p>\n<p><a href=\"http:\/\/www.conselharan.org\/wp-content\/uploads\/2016\/03\/pyros-2.jpg\"><img loading=\"lazy\" decoding=\"async\" class=\"aligncenter size-large wp-image-11088\" src=\"http:\/\/www.conselharan.org\/wp-content\/uploads\/2016\/03\/pyros-2-1024x768.jpg\" alt=\"pyros 2\" width=\"1024\" height=\"768\" srcset=\"https:\/\/www.conselharan.org\/wp-content\/uploads\/2016\/03\/pyros-2-1024x768.jpg 1024w, https:\/\/www.conselharan.org\/wp-content\/uploads\/2016\/03\/pyros-2-300x225.jpg 300w\" sizes=\"(max-width: 1024px) 100vw, 1024px\" \/><\/a><\/p>\n<p>&nbsp;<\/p>\n<p>&nbsp;<\/p>\n<p>Vielha, 21 de marzo de 2016<\/p>\n<p>&nbsp;<\/p>\n<p><em>Conselh Generau d&#8217;Aran: N\u00faria Sanjuan<\/em><\/p>\n ","protected":false},"excerpt":{"rendered":"<p>&nbsp; Fotos efectuadas por c\u00e1maras autom\u00e1ticas del macho Pyros en el municipio de Vielha e Mijaran. Las fotos fueron efectuadas al salir de la invernaci\u00f3n y demuestran que el macho Pyros contin\u00faa activo. &nbsp; Recordamos que en el marco del Piroslife est\u00e1 previsto traer un nuevo macho de Eslovenia para diversificar gen\u00e9ticamente la poblaci\u00f3n, dado&#8230;<\/p>\n","protected":false},"author":2,"featured_media":11089,"comment_status":"closed","ping_status":"closed","sticky":false,"template":"","format":"standard","meta":{"footnotes":""},"categories":[129,34,37],"tags":[],"_links":{"self":[{"href":"https:\/\/www.conselharan.org\/es\/wp-json\/wp\/v2\/posts\/11094"}],"collection":[{"href":"https:\/\/www.conselharan.org\/es\/wp-json\/wp\/v2\/posts"}],"about":[{"href":"https:\/\/www.conselharan.org\/es\/wp-json\/wp\/v2\/types\/post"}],"author":[{"embeddable":true,"href":"https:\/\/www.conselharan.org\/es\/wp-json\/wp\/v2\/users\/2"}],"replies":[{"embeddable":true,"href":"https:\/\/www.conselharan.org\/es\/wp-json\/wp\/v2\/comments?post=11094"}],"version-history":[{"count":1,"href":"https:\/\/www.conselharan.org\/es\/wp-json\/wp\/v2\/posts\/11094\/revisions"}],"predecessor-version":[{"id":11095,"href":"https:\/\/www.conselharan.org\/es\/wp-json\/wp\/v2\/posts\/11094\/revisions\/11095"}],"wp:featuredmedia":[{"embeddable":true,"href":"https:\/\/www.conselharan.org\/es\/wp-json\/wp\/v2\/media\/11089"}],"wp:attachment":[{"href":"https:\/\/www.conselharan.org\/es\/wp-json\/wp\/v2\/media?parent=11094"}],"wp:term":[{"taxonomy":"category","embeddable":true,"href":"https:\/\/www.conselharan.org\/es\/wp-json\/wp\/v2\/categories?post=11094"},{"taxonomy":"post_tag","embeddable":true,"href":"https:\/\/www.conselharan.org\/es\/wp-json\/wp\/v2\/tags?post=11094"}],"curies":[{"name":"wp","href":"https:\/\/api.w.org\/{rel}","templated":true}]}}