{"id":11111,"date":"2016-03-22T14:11:22","date_gmt":"2016-03-22T13:11:22","guid":{"rendered":"http:\/\/www.conselharan.org\/es\/eth-govern-daran-expresse-eth-son-do-pes-victimes-des-atemptadi-daue-en-aeroport-e-eth-metro-de-brusselles\/"},"modified":"2016-03-22T14:15:43","modified_gmt":"2016-03-22T13:15:43","slug":"eth-govern-daran-expresse-eth-son-do-pes-victimes-des-atemptadi-daue-en-aeroport-e-eth-metro-de-brusselles","status":"publish","type":"post","link":"https:\/\/www.conselharan.org\/es\/eth-govern-daran-expresse-eth-son-do-pes-victimes-des-atemptadi-daue-en-aeroport-e-eth-metro-de-brusselles\/","title":{"rendered":"Eth Gov\u00e8rn d\u2019Aran\u00a0expr\u00e8sse eth s\u00f2n d\u00f2 pes victimes des atemptadi d&#8217;au\u00e9 en aerop\u00f2rt e eth m\u00e8tro de Brusselles"},"content":{"rendered":"<p>Eth sindic d\u2019Aran,\u00a0<strong>Carlos Barrera<\/strong>\u00a0a manifestat en s\u00f2n n\u00f2m e deth \u00a0<strong>Gov\u00e8rn d\u2019Aran<\/strong>\u00a0<strong>\u201ceth n\u00f2ste m\u00e8s sentit d\u00f2 e sup\u00f2rt as familhars des victimes e as afectadi pes atemptadi d&#8217;aguest maitin en Brusselles,<\/strong>\u00a0atau coma eth n\u00f2ste\u00a0ref\u00fas a quinsevolhe acte que sigue de viol\u00e9ncia e era n\u00f2sta solidaritat damb eth p\u00f2ble B\u00e8lga\u00bb.<\/p>\n<p>&nbsp;<\/p>\n<p>Vielha, 22 de mar\u00e7 de 2016<\/p>\n<p>Conselh Generau d\u2019Aran<\/p>\n ","protected":false},"excerpt":{"rendered":"<p>Eth sindic d\u2019Aran,\u00a0Carlos Barrera\u00a0a manifestat en s\u00f2n n\u00f2m e deth \u00a0Gov\u00e8rn d\u2019Aran\u00a0\u201ceth n\u00f2ste m\u00e8s sentit d\u00f2 e sup\u00f2rt as familhars des victimes e as afectadi pes atemptadi d&#8217;aguest maitin en Brusselles,\u00a0atau coma eth n\u00f2ste\u00a0ref\u00fas a quinsevolhe acte que sigue de viol\u00e9ncia e era n\u00f2sta solidaritat damb eth p\u00f2ble B\u00e8lga\u00bb. &nbsp; Vielha, 22 de mar\u00e7 de&#8230;<\/p>\n","protected":false},"author":2,"featured_media":11108,"comment_status":"closed","ping_status":"closed","sticky":false,"template":"","format":"standard","meta":{"footnotes":""},"categories":[52],"tags":[],"_links":{"self":[{"href":"https:\/\/www.conselharan.org\/es\/wp-json\/wp\/v2\/posts\/11111"}],"collection":[{"href":"https:\/\/www.conselharan.org\/es\/wp-json\/wp\/v2\/posts"}],"about":[{"href":"https:\/\/www.conselharan.org\/es\/wp-json\/wp\/v2\/types\/post"}],"author":[{"embeddable":true,"href":"https:\/\/www.conselharan.org\/es\/wp-json\/wp\/v2\/users\/2"}],"replies":[{"embeddable":true,"href":"https:\/\/www.conselharan.org\/es\/wp-json\/wp\/v2\/comments?post=11111"}],"version-history":[{"count":1,"href":"https:\/\/www.conselharan.org\/es\/wp-json\/wp\/v2\/posts\/11111\/revisions"}],"predecessor-version":[{"id":11113,"href":"https:\/\/www.conselharan.org\/es\/wp-json\/wp\/v2\/posts\/11111\/revisions\/11113"}],"wp:featuredmedia":[{"embeddable":true,"href":"https:\/\/www.conselharan.org\/es\/wp-json\/wp\/v2\/media\/11108"}],"wp:attachment":[{"href":"https:\/\/www.conselharan.org\/es\/wp-json\/wp\/v2\/media?parent=11111"}],"wp:term":[{"taxonomy":"category","embeddable":true,"href":"https:\/\/www.conselharan.org\/es\/wp-json\/wp\/v2\/categories?post=11111"},{"taxonomy":"post_tag","embeddable":true,"href":"https:\/\/www.conselharan.org\/es\/wp-json\/wp\/v2\/tags?post=11111"}],"curies":[{"name":"wp","href":"https:\/\/api.w.org\/{rel}","templated":true}]}}