{"id":11149,"date":"2016-03-24T12:54:56","date_gmt":"2016-03-24T11:54:56","guid":{"rendered":"http:\/\/www.conselharan.org\/es\/?p=11149"},"modified":"2016-03-24T12:54:56","modified_gmt":"2016-03-24T11:54:56","slug":"curso-de-formacion-conecta-con-tu-pasion-y-conviertela-en-tu-profesion-en-el-cei-val-daran-de-casau","status":"publish","type":"post","link":"https:\/\/www.conselharan.org\/es\/curso-de-formacion-conecta-con-tu-pasion-y-conviertela-en-tu-profesion-en-el-cei-val-daran-de-casau\/","title":{"rendered":"Curso de formaci\u00f3n \u00abConecta con tu pasi\u00f3n y convi\u00e9rtela en tu profesi\u00f3n\u00bb en el CEI Val d\u2019Aran de Casau"},"content":{"rendered":"<p>El <strong>departamento de Desarrollo Econ\u00f3mico del<\/strong> <strong>Conselh Generau d\u2019Aran<\/strong> y <strong>GlobaLleida <\/strong>organizan el pr\u00f3ximo 29 de marzo una nueva c\u00e1psula formativa bajo el t\u00edtulo de <strong>\u00abConecta con tu pasi\u00f3n y convi\u00e9rtela en tu profesi\u00f3n\u00bb<\/strong> en el CEI Val d\u2019Aran de Casau. El curso ser\u00e1 impartido por <strong>Ana Campos Tom\u00e1s<\/strong>, Consultora y formadora en Coaching y Liderazgo.<\/p>\n<p>Esta c\u00e1psula formativa va dirigida mayoritariamente a personas interesadas en la utilizaci\u00f3n de las nuevas tecnolog\u00edas y de c\u00f3mo poder convertir una afici\u00f3n y los conocimientos que se desprenden para enfocarlos hacia a una trayectoria profesional. Tambi\u00e9n puede interesar a empresarios y emprendedores del Valle de Aran que quieran compatibilizar un Hobby para mejorar en su sector profesional.<\/p>\n<p>La c\u00e1psula formativa se realizar\u00e1 con los siguientes horarios en sesiones de 16:00 a 18:00 horas y de 18:30 a 20:30 horas, en el CEI Val d\u2019Aran Pla\u00e7a Naua, 1 Casau.<\/p>\n<p>Como el resto de c\u00e1psulas formativas ofrecidas por el Conselh Generau d\u2019Aran en colaboraci\u00f3n con GlobaLleida, la participaci\u00f3n es gratuita, aunque hay que formalizar la inscripci\u00f3n llamando al Conselh Generau d\u2019Aran (973 64 18 01) o bien enviando un correo electr\u00f3nico a <a href=\"mailto:c.barra@aran.org\">c.barra@aran.org<\/a>.<\/p>\n<p>La c\u00e1psula formativa <strong>\u00abConecta con tu pasi\u00f3n y convi\u00e9rtela en tu profesi\u00f3n\u00bb<\/strong> cuenta con el patrocinio de la Diputaci\u00f3n de Lleida.<\/p>\n<p><a href=\"http:\/\/www.conselharan.org\/wp-content\/uploads\/2016\/03\/Capsules-Formatives-Mar\u00e7.jpg\"><img loading=\"lazy\" decoding=\"async\" class=\"aligncenter size-large wp-image-11144\" src=\"http:\/\/www.conselharan.org\/wp-content\/uploads\/2016\/03\/Capsules-Formatives-Mar\u00e7-669x1024.jpg\" alt=\"Capsules Formatives Mar\u00e7\" width=\"669\" height=\"1024\" srcset=\"https:\/\/www.conselharan.org\/wp-content\/uploads\/2016\/03\/Capsules-Formatives-Mar\u00e7-669x1024.jpg 669w, https:\/\/www.conselharan.org\/wp-content\/uploads\/2016\/03\/Capsules-Formatives-Mar\u00e7-196x300.jpg 196w, https:\/\/www.conselharan.org\/wp-content\/uploads\/2016\/03\/Capsules-Formatives-Mar\u00e7.jpg 1775w\" sizes=\"(max-width: 669px) 100vw, 669px\" \/><\/a><\/p>\n ","protected":false},"excerpt":{"rendered":"<p>El departamento de Desarrollo Econ\u00f3mico del Conselh Generau d\u2019Aran y GlobaLleida organizan el pr\u00f3ximo 29 de marzo una nueva c\u00e1psula formativa bajo el t\u00edtulo de \u00abConecta con tu pasi\u00f3n y convi\u00e9rtela en tu profesi\u00f3n\u00bb en el CEI Val d\u2019Aran de Casau. El curso ser\u00e1 impartido por Ana Campos Tom\u00e1s, Consultora y formadora en Coaching y&#8230;<\/p>\n","protected":false},"author":2,"featured_media":11147,"comment_status":"closed","ping_status":"closed","sticky":false,"template":"","format":"standard","meta":{"footnotes":""},"categories":[34],"tags":[],"_links":{"self":[{"href":"https:\/\/www.conselharan.org\/es\/wp-json\/wp\/v2\/posts\/11149"}],"collection":[{"href":"https:\/\/www.conselharan.org\/es\/wp-json\/wp\/v2\/posts"}],"about":[{"href":"https:\/\/www.conselharan.org\/es\/wp-json\/wp\/v2\/types\/post"}],"author":[{"embeddable":true,"href":"https:\/\/www.conselharan.org\/es\/wp-json\/wp\/v2\/users\/2"}],"replies":[{"embeddable":true,"href":"https:\/\/www.conselharan.org\/es\/wp-json\/wp\/v2\/comments?post=11149"}],"version-history":[{"count":1,"href":"https:\/\/www.conselharan.org\/es\/wp-json\/wp\/v2\/posts\/11149\/revisions"}],"predecessor-version":[{"id":11150,"href":"https:\/\/www.conselharan.org\/es\/wp-json\/wp\/v2\/posts\/11149\/revisions\/11150"}],"wp:featuredmedia":[{"embeddable":true,"href":"https:\/\/www.conselharan.org\/es\/wp-json\/wp\/v2\/media\/11147"}],"wp:attachment":[{"href":"https:\/\/www.conselharan.org\/es\/wp-json\/wp\/v2\/media?parent=11149"}],"wp:term":[{"taxonomy":"category","embeddable":true,"href":"https:\/\/www.conselharan.org\/es\/wp-json\/wp\/v2\/categories?post=11149"},{"taxonomy":"post_tag","embeddable":true,"href":"https:\/\/www.conselharan.org\/es\/wp-json\/wp\/v2\/tags?post=11149"}],"curies":[{"name":"wp","href":"https:\/\/api.w.org\/{rel}","templated":true}]}}