{"id":11171,"date":"2016-03-24T14:00:36","date_gmt":"2016-03-24T13:00:36","guid":{"rendered":"http:\/\/www.conselharan.org\/es\/?p=11171"},"modified":"2016-03-24T14:00:36","modified_gmt":"2016-03-24T13:00:36","slug":"el-consejero-de-territorio-j-a-boya-se-reune-con-la-consejera-municipal-de-deportes-de-luchon","status":"publish","type":"post","link":"https:\/\/www.conselharan.org\/es\/el-consejero-de-territorio-j-a-boya-se-reune-con-la-consejera-municipal-de-deportes-de-luchon\/","title":{"rendered":"El consejero de territorio J.A.Boya se re\u00fane con la consejera Municipal de Deportes de Luchon"},"content":{"rendered":"<p>Vielha, 24 de marzo de 2016.- El consejero de Territorio del Conselh Generau d\u2019Aran <strong>Jos\u00e9 Antonio Boya<\/strong>, visit\u00f3 ayer el ayuntamiento de Luchon donde mantuvo una reuni\u00f3n con la consejera municipal de Deportes y Vicepresidenta de la comisi\u00f3n de pol\u00edticas deportivas de Luchon, <strong>Brigitte Lapebie<\/strong>.<\/p>\n<p>Durante la reuni\u00f3n, los responsables de ambas instituciones, trabajaron sobre la posibilidad de poner en marcha acciones conjuntas de promoci\u00f3n en relaci\u00f3n a la organizaci\u00f3n por parte del Conselh Generau d\u2019Aran de la salida de la 10\u00aa etapa del Tour de Francia 2016 en Vielha e Mijaran del pr\u00f3ximo 10 de julio.<\/p>\n<p><a href=\"http:\/\/www.conselharan.org\/wp-content\/uploads\/2016\/03\/11.jpg\"><img loading=\"lazy\" decoding=\"async\" class=\"aligncenter size-full wp-image-11169\" src=\"http:\/\/www.conselharan.org\/wp-content\/uploads\/2016\/03\/11.jpg\" alt=\"1\" width=\"640\" height=\"480\" srcset=\"https:\/\/www.conselharan.org\/wp-content\/uploads\/2016\/03\/11.jpg 640w, https:\/\/www.conselharan.org\/wp-content\/uploads\/2016\/03\/11-300x225.jpg 300w\" sizes=\"(max-width: 640px) 100vw, 640px\" \/><\/a><\/p>\n<p>Al salir del encuentro, Jose Antonio Boya valor\u00f3 muy positivamente la experiencia de la ciudad de Luchon, que hist\u00f3ricamente ha acogido finales de etapas del Tour de Francia. En la edici\u00f3n de este a\u00f1o, la novena etapa de la carrera ciclista saldr\u00e1 de la ciudad francesa de Pau y acabar\u00e1 en baigneres de Luchon. Al d\u00eda siguiente 10 de julio, ser\u00e1 el turno del valle de Aran desde donde saldr\u00e1 la 10\u00aa etapa del Tour 2016, que se disputar\u00e1 entre Vielha e Mijaran y Andorra.<\/p>\n<p>El consejero de Territorio <strong>Jos\u00e9 Antonio Boya<\/strong> declar\u00f3 que <em>\u00abentre algunas de las propuestas que se han comentado, quiz\u00e1 cabr\u00eda la posibilidad de organizar alguna acci\u00f3n conjunta los d\u00edas 4 y 5 de junio de este a\u00f1o, con motivo de la fiesta de la bicicleta en Francia, un evento que se celebra desde hace 20 a\u00f1os y en el que toman parte m\u00e1s de 20 millones de franceses de todas las edades aficionados al ciclismo. De todos modos<\/em> a\u00f1adi\u00f3<em>, se ha tratado de una primera toma de contacto, en la que a\u00fan no se ha concretado nada\u00bb.<\/em><\/p>\n<p><strong>\u00a0<\/strong><\/p>\n<p><strong>\u00a0<\/strong><\/p>\n ","protected":false},"excerpt":{"rendered":"<p>Vielha, 24 de marzo de 2016.- El consejero de Territorio del Conselh Generau d\u2019Aran Jos\u00e9 Antonio Boya, visit\u00f3 ayer el ayuntamiento de Luchon donde mantuvo una reuni\u00f3n con la consejera municipal de Deportes y Vicepresidenta de la comisi\u00f3n de pol\u00edticas deportivas de Luchon, Brigitte Lapebie. Durante la reuni\u00f3n, los responsables de ambas instituciones, trabajaron sobre&#8230;<\/p>\n","protected":false},"author":2,"featured_media":11169,"comment_status":"closed","ping_status":"closed","sticky":false,"template":"","format":"standard","meta":{"footnotes":""},"categories":[52],"tags":[],"_links":{"self":[{"href":"https:\/\/www.conselharan.org\/es\/wp-json\/wp\/v2\/posts\/11171"}],"collection":[{"href":"https:\/\/www.conselharan.org\/es\/wp-json\/wp\/v2\/posts"}],"about":[{"href":"https:\/\/www.conselharan.org\/es\/wp-json\/wp\/v2\/types\/post"}],"author":[{"embeddable":true,"href":"https:\/\/www.conselharan.org\/es\/wp-json\/wp\/v2\/users\/2"}],"replies":[{"embeddable":true,"href":"https:\/\/www.conselharan.org\/es\/wp-json\/wp\/v2\/comments?post=11171"}],"version-history":[{"count":1,"href":"https:\/\/www.conselharan.org\/es\/wp-json\/wp\/v2\/posts\/11171\/revisions"}],"predecessor-version":[{"id":11172,"href":"https:\/\/www.conselharan.org\/es\/wp-json\/wp\/v2\/posts\/11171\/revisions\/11172"}],"wp:featuredmedia":[{"embeddable":true,"href":"https:\/\/www.conselharan.org\/es\/wp-json\/wp\/v2\/media\/11169"}],"wp:attachment":[{"href":"https:\/\/www.conselharan.org\/es\/wp-json\/wp\/v2\/media?parent=11171"}],"wp:term":[{"taxonomy":"category","embeddable":true,"href":"https:\/\/www.conselharan.org\/es\/wp-json\/wp\/v2\/categories?post=11171"},{"taxonomy":"post_tag","embeddable":true,"href":"https:\/\/www.conselharan.org\/es\/wp-json\/wp\/v2\/tags?post=11171"}],"curies":[{"name":"wp","href":"https:\/\/api.w.org\/{rel}","templated":true}]}}