{"id":11178,"date":"2016-03-24T14:16:48","date_gmt":"2016-03-24T13:16:48","guid":{"rendered":"http:\/\/www.conselharan.org\/es\/?p=11178"},"modified":"2016-03-24T14:16:48","modified_gmt":"2016-03-24T13:16:48","slug":"restricciones-de-trafico-en-la-n-230-en-bossost-en-semana-santa","status":"publish","type":"post","link":"https:\/\/www.conselharan.org\/es\/restricciones-de-trafico-en-la-n-230-en-bossost-en-semana-santa\/","title":{"rendered":"Restricciones de tr\u00e1fico en la N-230 en Boss\u00f2st en Semana Santa"},"content":{"rendered":"<p>El Conselh Generau d\u2019Aran informa que, con motivo de las procesiones de Viernes Santo que tienen lugar en Boss\u00f2st, habr\u00e1 restricciones de tr\u00e1fico en la traves\u00eda de la N-230 a su paso por esta poblaci\u00f3n este <strong>viernes, 25 de marzo, a partir de las 10.00h<\/strong>, para la procesi\u00f3n del V\u00eda Crucis, y<strong> a partir de las<\/strong> <strong>22.30h<\/strong>, para la procesi\u00f3n del Santo Entierro.<\/p>\n ","protected":false},"excerpt":{"rendered":"<p>El Conselh Generau d\u2019Aran informa que, con motivo de las procesiones de Viernes Santo que tienen lugar en Boss\u00f2st, habr\u00e1 restricciones de tr\u00e1fico en la traves\u00eda de la N-230 a su paso por esta poblaci\u00f3n este viernes, 25 de marzo, a partir de las 10.00h, para la procesi\u00f3n del V\u00eda Crucis, y a partir de&#8230;<\/p>\n","protected":false},"author":2,"featured_media":11108,"comment_status":"closed","ping_status":"closed","sticky":false,"template":"","format":"standard","meta":{"footnotes":""},"categories":[34],"tags":[],"_links":{"self":[{"href":"https:\/\/www.conselharan.org\/es\/wp-json\/wp\/v2\/posts\/11178"}],"collection":[{"href":"https:\/\/www.conselharan.org\/es\/wp-json\/wp\/v2\/posts"}],"about":[{"href":"https:\/\/www.conselharan.org\/es\/wp-json\/wp\/v2\/types\/post"}],"author":[{"embeddable":true,"href":"https:\/\/www.conselharan.org\/es\/wp-json\/wp\/v2\/users\/2"}],"replies":[{"embeddable":true,"href":"https:\/\/www.conselharan.org\/es\/wp-json\/wp\/v2\/comments?post=11178"}],"version-history":[{"count":1,"href":"https:\/\/www.conselharan.org\/es\/wp-json\/wp\/v2\/posts\/11178\/revisions"}],"predecessor-version":[{"id":11179,"href":"https:\/\/www.conselharan.org\/es\/wp-json\/wp\/v2\/posts\/11178\/revisions\/11179"}],"wp:featuredmedia":[{"embeddable":true,"href":"https:\/\/www.conselharan.org\/es\/wp-json\/wp\/v2\/media\/11108"}],"wp:attachment":[{"href":"https:\/\/www.conselharan.org\/es\/wp-json\/wp\/v2\/media?parent=11178"}],"wp:term":[{"taxonomy":"category","embeddable":true,"href":"https:\/\/www.conselharan.org\/es\/wp-json\/wp\/v2\/categories?post=11178"},{"taxonomy":"post_tag","embeddable":true,"href":"https:\/\/www.conselharan.org\/es\/wp-json\/wp\/v2\/tags?post=11178"}],"curies":[{"name":"wp","href":"https:\/\/api.w.org\/{rel}","templated":true}]}}