{"id":11189,"date":"2016-03-29T14:17:46","date_gmt":"2016-03-29T12:17:46","guid":{"rendered":"http:\/\/www.conselharan.org\/es\/?p=11189"},"modified":"2016-03-29T14:17:51","modified_gmt":"2016-03-29T12:17:51","slug":"los-u1416-del-caei-se-proclaman-vencedores-por-clubs-de-la-copa-espana-201516","status":"publish","type":"post","link":"https:\/\/www.conselharan.org\/es\/los-u1416-del-caei-se-proclaman-vencedores-por-clubs-de-la-copa-espana-201516\/","title":{"rendered":"LOS U14\/16 DEL CAEI SE PROCLAMAN VENCEDORES POR CLUBS DE LA COPA ESPA\u00d1A 2015\/16"},"content":{"rendered":"<p><a href=\"http:\/\/www.conselharan.org\/wp-content\/uploads\/2016\/03\/copa-espa\u00f1a-CAEI.jpg\"><img loading=\"lazy\" decoding=\"async\" class=\"aligncenter size-large wp-image-11185\" src=\"http:\/\/www.conselharan.org\/wp-content\/uploads\/2016\/03\/copa-espa\u00f1a-CAEI-1024x684.jpg\" alt=\"copa espa\u00f1a CAEI\" width=\"1024\" height=\"684\" srcset=\"https:\/\/www.conselharan.org\/wp-content\/uploads\/2016\/03\/copa-espa\u00f1a-CAEI-1024x684.jpg 1024w, https:\/\/www.conselharan.org\/wp-content\/uploads\/2016\/03\/copa-espa\u00f1a-CAEI-300x200.jpg 300w, https:\/\/www.conselharan.org\/wp-content\/uploads\/2016\/03\/copa-espa\u00f1a-CAEI.jpg 1598w\" sizes=\"(max-width: 1024px) 100vw, 1024px\" \/><\/a><\/p>\n<p>&nbsp;<\/p>\n<p>Durante los d\u00edas 21, 22 y 23 de marzo se disputaron en las estaciones de Baqueira y de Espot, los Campeonatos de Espa\u00f1a de esqu\u00ed alpino de las categor\u00edas U14\/16. Estos campeonatos eran, adem\u00e1s, puntuables para la \u00faltima fase de la Copa Espa\u00f1a Audi tanto para la clasificaci\u00f3n individual como por clubs.<\/p>\n<p>Desde ya hace varias temporadas los Campeonatos de Espa\u00f1a se celebran en tres fases. De esta forma los corredores van sumando puntos en funci\u00f3n de su clasificaci\u00f3n en cada carrera y los que m\u00e1s puntos han conseguido despu\u00e9s de la \u00faltima fase se proclaman de campeones de la Copa Espa\u00f1a. La novedad de esta temporada es que tambi\u00e9n se ha llevado a cabo una clasificaci\u00f3n por clubs de la cual el CAEI ha sido el ganador.<\/p>\n<p>Sin duda la corredora del CAEI que mejores resultados ha obtenido en estos campeonatos ha sido Pat Miquel, ya que se ha impuesto en todas las disciplinas adem\u00e1s de proclamarse vencedora del circuito. Pero esto no desmerece para nada los resultados del resto de sus compa\u00f1eros de equipo, tanto los que han subido al p\u00f3dium como los que no, ya sea en esta competici\u00f3n, o a lo largo de la temporada.<\/p>\n<p>Tampoco podemos olvidarnos de los integrantes del equipo que no han podido acudir a esta cita deportiva por lesi\u00f3n, pero que tambi\u00e9n han ayudado a que esto fuera posible con sus resultados a lo largo de la temporada.<\/p>\n<p>Resultados de los corredores del CAEI:<\/p>\n<p><strong>Pat Miquel<\/strong> (U16): 1\u00aa en SG, 1\u00aa en GS, 1\u00aa en SL y 1\u00aa en la Combinada<br \/>\n<strong>Octavi Aris<\/strong> (U14): 1\u00ba en SG<\/p>\n<p>Resultados del CAEI en el circuito Copa Espa\u00f1a:<\/p>\n<p><em>U16 Damas<\/em>:<br \/>\n<strong>1\u00aa PAT MIQUEL<\/strong><br \/>\n<strong> 2\u00aa CARMELA OLMO<\/strong><\/p>\n<p><em>U16 Hombres:<\/em><br \/>\n<strong>2\u00ba DAVID ESEVERRI<\/strong><\/p>\n<p><em>U14 Hombres:<\/em><br \/>\n<strong>1\u00ba TOMY MARCET<\/strong><br \/>\n<strong> 2\u00ba OCTAVI ARIS<\/strong><br \/>\n<strong> 3\u00ba SAMUEL BESO<\/strong><\/p>\n<p><em>Clubs:<\/em><br \/>\n<strong>1\u00ba CAEI<\/strong><br \/>\n<strong> 2\u00ba GRANUEC<\/strong><br \/>\n<strong> 3\u00ba FORMIGAL<\/strong><\/p>\n<p>&nbsp;<\/p>\n<p>&nbsp;<\/p>\n<p>Vielha, 29 de marzo de 2016<\/p>\n<p>&nbsp;<\/p>\n<p><em>Conselh Generau d&#8217;Aran: N\u00faria Sanjuan<\/em><\/p>\n<p><em>Fuente: CAEI<\/em><\/p>\n ","protected":false},"excerpt":{"rendered":"<p>&nbsp; Durante los d\u00edas 21, 22 y 23 de marzo se disputaron en las estaciones de Baqueira y de Espot, los Campeonatos de Espa\u00f1a de esqu\u00ed alpino de las categor\u00edas U14\/16. Estos campeonatos eran, adem\u00e1s, puntuables para la \u00faltima fase de la Copa Espa\u00f1a Audi tanto para la clasificaci\u00f3n individual como por clubs. Desde ya&#8230;<\/p>\n","protected":false},"author":2,"featured_media":11185,"comment_status":"closed","ping_status":"closed","sticky":false,"template":"","format":"standard","meta":{"footnotes":""},"categories":[34],"tags":[],"_links":{"self":[{"href":"https:\/\/www.conselharan.org\/es\/wp-json\/wp\/v2\/posts\/11189"}],"collection":[{"href":"https:\/\/www.conselharan.org\/es\/wp-json\/wp\/v2\/posts"}],"about":[{"href":"https:\/\/www.conselharan.org\/es\/wp-json\/wp\/v2\/types\/post"}],"author":[{"embeddable":true,"href":"https:\/\/www.conselharan.org\/es\/wp-json\/wp\/v2\/users\/2"}],"replies":[{"embeddable":true,"href":"https:\/\/www.conselharan.org\/es\/wp-json\/wp\/v2\/comments?post=11189"}],"version-history":[{"count":1,"href":"https:\/\/www.conselharan.org\/es\/wp-json\/wp\/v2\/posts\/11189\/revisions"}],"predecessor-version":[{"id":11190,"href":"https:\/\/www.conselharan.org\/es\/wp-json\/wp\/v2\/posts\/11189\/revisions\/11190"}],"wp:featuredmedia":[{"embeddable":true,"href":"https:\/\/www.conselharan.org\/es\/wp-json\/wp\/v2\/media\/11185"}],"wp:attachment":[{"href":"https:\/\/www.conselharan.org\/es\/wp-json\/wp\/v2\/media?parent=11189"}],"wp:term":[{"taxonomy":"category","embeddable":true,"href":"https:\/\/www.conselharan.org\/es\/wp-json\/wp\/v2\/categories?post=11189"},{"taxonomy":"post_tag","embeddable":true,"href":"https:\/\/www.conselharan.org\/es\/wp-json\/wp\/v2\/tags?post=11189"}],"curies":[{"name":"wp","href":"https:\/\/api.w.org\/{rel}","templated":true}]}}