{"id":11208,"date":"2016-03-29T19:24:24","date_gmt":"2016-03-29T17:24:24","guid":{"rendered":"http:\/\/www.conselharan.org\/es\/?p=11208"},"modified":"2016-03-29T19:24:24","modified_gmt":"2016-03-29T17:24:24","slug":"el-valle-de-aran-roza-el-95-de-ocupacion-en-semana-santa","status":"publish","type":"post","link":"https:\/\/www.conselharan.org\/es\/el-valle-de-aran-roza-el-95-de-ocupacion-en-semana-santa\/","title":{"rendered":"El Valle de Aran roza el 95% de ocupaci\u00f3n en Semana Santa"},"content":{"rendered":"<p>Vielha, 29 de marzo de 2016.- La consejera de Turismo del Conselh Generau d\u2019Aran, <strong>Anna D\u00edaz<\/strong>, hizo hoy la valoraci\u00f3n tur\u00edstica de la Semana Santa en el Valle de Aran, se\u00f1alando que <strong>la ocupaci\u00f3n hotelera ha rozado el 95%, sobre todo en los establecimientos m\u00e1s cercanos a la estaci\u00f3n de esqu\u00ed de Baqueira Beret<\/strong> que, a su vez a trav\u00e9s de un comunicado manifest\u00f3 haber vendido alrededor de 100.000 forfaits durante esta Semana Santa.<\/p>\n<p><a href=\"http:\/\/www.conselharan.org\/wp-content\/uploads\/2016\/03\/DSC_0048.jpg\"><img loading=\"lazy\" decoding=\"async\" class=\"wp-image-11193  alignleft\" src=\"http:\/\/www.conselharan.org\/wp-content\/uploads\/2016\/03\/DSC_0048-300x260.jpg\" alt=\"DSC_0048\" width=\"490\" height=\"425\" srcset=\"https:\/\/www.conselharan.org\/wp-content\/uploads\/2016\/03\/DSC_0048-300x260.jpg 300w, https:\/\/www.conselharan.org\/wp-content\/uploads\/2016\/03\/DSC_0048-1024x887.jpg 1024w, https:\/\/www.conselharan.org\/wp-content\/uploads\/2016\/03\/DSC_0048.jpg 2028w\" sizes=\"(max-width: 490px) 100vw, 490px\" \/><\/a>La consejera ha destacado el hecho de que al caer la Semana Santa a finales de marzo ha hecho que muchos visitantes hayan preferido el Pirineo en lugar de otros destinos. Lo que acompa\u00f1ado del buen tiempo del que hemos disfrutado durante estos d\u00edas, ha posibilitado a los turistas poder realizar otras actividades adem\u00e1s del esqu\u00ed, como las diferentes rutas de monta\u00f1a y acceder a las pistas de Artiga de Lin y la Bassa d\u2019Oles, adem\u00e1s de las actividades relacionadas con los deportes de aventura.<\/p>\n<p>La consejera ha destacado la buena ocupaci\u00f3n de toda la oferta hotelera de la Val d&#8217;Aran, incluido el turismo rural y los campings.<\/p>\n<p>En cuanto al conjunto de la temporada de invierno, Anna D\u00edaz, se\u00f1al\u00f3 que esta comenz\u00f3 bien con nevadas en el mes de noviembre que permitieron empezar la temporada a pleno rendimiento, pasando por una buena Navidad y un muy buen mes de febrero con visitantes procedentes de Francia, gracias al buen trabajo llevado a cabo desde la nueva oficina de turismo de Toulouse abierta conjuntamente con Baqueira Beret, y un notable incremento de turistas ingleses. Todo ello redondeado con un final de temporada espl\u00e9ndido en Semana Santa. La consejera Anna D\u00edaz, remarc\u00f3 que el principal cliente de la Valle de Aran sigue siendo el visitante catal\u00e1n, seguido de madrile\u00f1os y vascos.<\/p>\n<p><strong>El Tour de Francia en verano<\/strong><\/p>\n<p>Durante su comparecencia ante los medios, Anna D\u00edaz ha explicado que ahora los esfuerzos del equipo de Torisme Val d&#8217;Aran, se centrar\u00e1n en la promoci\u00f3n de la etapa del Tour de Francia que la Val d&#8217;Aran acoger\u00e1 el pr\u00f3ximo 10 de Julio. Por eso ha valorado positivamente que muchos de los turistas que nos han visitado en Semana Santa, dijo, <em>\u00abya hayan escogido como actividades las relacionadas con la bicicleta, ya sea a trav\u00e9s de BTT, enduro o cicloturismo, actividad esta \u00faltima que queremos potenciar a partir de ahora en la Val d&#8217;Aran\u201d.<\/em><\/p>\n<p><strong>\u00a0<\/strong><\/p>\n ","protected":false},"excerpt":{"rendered":"<p>Vielha, 29 de marzo de 2016.- La consejera de Turismo del Conselh Generau d\u2019Aran, Anna D\u00edaz, hizo hoy la valoraci\u00f3n tur\u00edstica de la Semana Santa en el Valle de Aran, se\u00f1alando que la ocupaci\u00f3n hotelera ha rozado el 95%, sobre todo en los establecimientos m\u00e1s cercanos a la estaci\u00f3n de esqu\u00ed de Baqueira Beret que,&#8230;<\/p>\n","protected":false},"author":2,"featured_media":11193,"comment_status":"closed","ping_status":"closed","sticky":false,"template":"","format":"standard","meta":{"footnotes":""},"categories":[52,37],"tags":[],"_links":{"self":[{"href":"https:\/\/www.conselharan.org\/es\/wp-json\/wp\/v2\/posts\/11208"}],"collection":[{"href":"https:\/\/www.conselharan.org\/es\/wp-json\/wp\/v2\/posts"}],"about":[{"href":"https:\/\/www.conselharan.org\/es\/wp-json\/wp\/v2\/types\/post"}],"author":[{"embeddable":true,"href":"https:\/\/www.conselharan.org\/es\/wp-json\/wp\/v2\/users\/2"}],"replies":[{"embeddable":true,"href":"https:\/\/www.conselharan.org\/es\/wp-json\/wp\/v2\/comments?post=11208"}],"version-history":[{"count":1,"href":"https:\/\/www.conselharan.org\/es\/wp-json\/wp\/v2\/posts\/11208\/revisions"}],"predecessor-version":[{"id":11209,"href":"https:\/\/www.conselharan.org\/es\/wp-json\/wp\/v2\/posts\/11208\/revisions\/11209"}],"wp:featuredmedia":[{"embeddable":true,"href":"https:\/\/www.conselharan.org\/es\/wp-json\/wp\/v2\/media\/11193"}],"wp:attachment":[{"href":"https:\/\/www.conselharan.org\/es\/wp-json\/wp\/v2\/media?parent=11208"}],"wp:term":[{"taxonomy":"category","embeddable":true,"href":"https:\/\/www.conselharan.org\/es\/wp-json\/wp\/v2\/categories?post=11208"},{"taxonomy":"post_tag","embeddable":true,"href":"https:\/\/www.conselharan.org\/es\/wp-json\/wp\/v2\/tags?post=11208"}],"curies":[{"name":"wp","href":"https:\/\/api.w.org\/{rel}","templated":true}]}}