{"id":11217,"date":"2016-03-31T10:36:49","date_gmt":"2016-03-31T08:36:49","guid":{"rendered":"http:\/\/www.conselharan.org\/es\/?p=11217"},"modified":"2016-03-31T10:36:57","modified_gmt":"2016-03-31T08:36:57","slug":"el-aranes-alex-puente-tasias-campeon-de-espana-de-gigante","status":"publish","type":"post","link":"https:\/\/www.conselharan.org\/es\/el-aranes-alex-puente-tasias-campeon-de-espana-de-gigante\/","title":{"rendered":"El aran\u00e9s, \u00c1lex Puente Tasias, campe\u00f3n de Espa\u00f1a de gigante"},"content":{"rendered":"<p><strong>\u2022 \u00c1lex, ganador de la pasada edici\u00f3n, revalida el t\u00edtulo de campe\u00f3n de Espa\u00f1a de gigante.<\/strong><\/p>\n<p>&nbsp;<\/p>\n<p><a href=\"http:\/\/www.conselharan.org\/wp-content\/uploads\/2016\/03\/ALEX-PUENTE-CAMPION-ESPANHA-foto-barrio.jpg\"><img loading=\"lazy\" decoding=\"async\" class=\"aligncenter size-large wp-image-11213\" src=\"http:\/\/www.conselharan.org\/wp-content\/uploads\/2016\/03\/ALEX-PUENTE-CAMPION-ESPANHA-foto-barrio-1024x683.jpg\" alt=\"ALEX PUENTE-CAMPION ESPANHA (foto barrio)\" width=\"1024\" height=\"683\" srcset=\"https:\/\/www.conselharan.org\/wp-content\/uploads\/2016\/03\/ALEX-PUENTE-CAMPION-ESPANHA-foto-barrio-1024x683.jpg 1024w, https:\/\/www.conselharan.org\/wp-content\/uploads\/2016\/03\/ALEX-PUENTE-CAMPION-ESPANHA-foto-barrio-300x200.jpg 300w, https:\/\/www.conselharan.org\/wp-content\/uploads\/2016\/03\/ALEX-PUENTE-CAMPION-ESPANHA-foto-barrio.jpg 2048w\" sizes=\"(max-width: 1024px) 100vw, 1024px\" \/><\/a><\/p>\n<p><em>Foto: Barrio<\/em><\/p>\n<p>&nbsp;<\/p>\n<p>El mi\u00e9rcoles, 30 de marzo, la estaci\u00f3n aragonesa de Aram\u00f3n Formigal acogi\u00f3 los Campeonatos de Espa\u00f1a Absolutos de esqu\u00ed alpino.<\/p>\n<p>El esquiador aran\u00e9s, <strong>\u00c1lex Puente Tasias<\/strong>, componente de la <strong>RFEDI<\/strong> (<strong>FCEH- CAEI<\/strong>) y ganador de la pasada edici\u00f3n, se proclam\u00f3 campe\u00f3n de Espa\u00f1a de gigante.<\/p>\n<p>El <strong>Conselh Generau d\u2019Aran<\/strong> y <strong>Turisme Val d\u2019Aran<\/strong> firmaron un convenio de patrocinio con el esquiador profesional aran\u00e9s, \u00c1lex Puente Tasias, para promocionar el destino tur\u00edstico deportivo Val d\u2019Aran por el mundo, representado en la imagen y en los valores del deportista, y del equipo que forma parte.<\/p>\n<p>&nbsp;<\/p>\n<p>&nbsp;<\/p>\n<p>Vielha, 31 de marzo de 2016<\/p>\n<p>&nbsp;<\/p>\n<p><em>Conselh Generau d&#8217;Aran: N\u00faria Sanjuan<\/em><\/p>\n<p><em>Fuente: RFEDI<\/em><\/p>\n ","protected":false},"excerpt":{"rendered":"<p>\u2022 \u00c1lex, ganador de la pasada edici\u00f3n, revalida el t\u00edtulo de campe\u00f3n de Espa\u00f1a de gigante. &nbsp; Foto: Barrio &nbsp; El mi\u00e9rcoles, 30 de marzo, la estaci\u00f3n aragonesa de Aram\u00f3n Formigal acogi\u00f3 los Campeonatos de Espa\u00f1a Absolutos de esqu\u00ed alpino. El esquiador aran\u00e9s, \u00c1lex Puente Tasias, componente de la RFEDI (FCEH- CAEI) y ganador de&#8230;<\/p>\n","protected":false},"author":2,"featured_media":11213,"comment_status":"closed","ping_status":"closed","sticky":false,"template":"","format":"standard","meta":{"footnotes":""},"categories":[34],"tags":[],"_links":{"self":[{"href":"https:\/\/www.conselharan.org\/es\/wp-json\/wp\/v2\/posts\/11217"}],"collection":[{"href":"https:\/\/www.conselharan.org\/es\/wp-json\/wp\/v2\/posts"}],"about":[{"href":"https:\/\/www.conselharan.org\/es\/wp-json\/wp\/v2\/types\/post"}],"author":[{"embeddable":true,"href":"https:\/\/www.conselharan.org\/es\/wp-json\/wp\/v2\/users\/2"}],"replies":[{"embeddable":true,"href":"https:\/\/www.conselharan.org\/es\/wp-json\/wp\/v2\/comments?post=11217"}],"version-history":[{"count":1,"href":"https:\/\/www.conselharan.org\/es\/wp-json\/wp\/v2\/posts\/11217\/revisions"}],"predecessor-version":[{"id":11218,"href":"https:\/\/www.conselharan.org\/es\/wp-json\/wp\/v2\/posts\/11217\/revisions\/11218"}],"wp:featuredmedia":[{"embeddable":true,"href":"https:\/\/www.conselharan.org\/es\/wp-json\/wp\/v2\/media\/11213"}],"wp:attachment":[{"href":"https:\/\/www.conselharan.org\/es\/wp-json\/wp\/v2\/media?parent=11217"}],"wp:term":[{"taxonomy":"category","embeddable":true,"href":"https:\/\/www.conselharan.org\/es\/wp-json\/wp\/v2\/categories?post=11217"},{"taxonomy":"post_tag","embeddable":true,"href":"https:\/\/www.conselharan.org\/es\/wp-json\/wp\/v2\/tags?post=11217"}],"curies":[{"name":"wp","href":"https:\/\/api.w.org\/{rel}","templated":true}]}}