{"id":11232,"date":"2016-03-31T14:57:00","date_gmt":"2016-03-31T12:57:00","guid":{"rendered":"http:\/\/www.conselharan.org\/es\/?p=11232"},"modified":"2016-03-31T14:57:16","modified_gmt":"2016-03-31T12:57:16","slug":"la-junta-local-de-aran-de-la-aecc-organiza-diferentes-actividades-contra-el-cancer-de-colon","status":"publish","type":"post","link":"https:\/\/www.conselharan.org\/es\/la-junta-local-de-aran-de-la-aecc-organiza-diferentes-actividades-contra-el-cancer-de-colon\/","title":{"rendered":"La Junta Local de Aran de la AECC  organiza diferentes actividades contra el c\u00e1ncer de colon"},"content":{"rendered":"<p><strong>\u2022 Con motivo del d\u00eda mundial contra del c\u00e1ncer de colon, durante el d\u00eda de hoy, 31 de marzo, se realizar\u00e1n varios actos.<\/strong><\/p>\n<p><strong>\u2022 Adem\u00e1s, hasta el 4 de abril se puede visitar la exposici\u00f3n sobre el c\u00e1ncer de colon en el Hospital Val d\u2019Aran.<\/strong><\/p>\n<p>&nbsp;<\/p>\n<p><a href=\"http:\/\/www.conselharan.org\/wp-content\/uploads\/2016\/03\/AECC.jpg\"><img loading=\"lazy\" decoding=\"async\" class=\"aligncenter size-full wp-image-11228\" src=\"http:\/\/www.conselharan.org\/wp-content\/uploads\/2016\/03\/AECC.jpg\" alt=\"AECC\" width=\"678\" height=\"960\" srcset=\"https:\/\/www.conselharan.org\/wp-content\/uploads\/2016\/03\/AECC.jpg 678w, https:\/\/www.conselharan.org\/wp-content\/uploads\/2016\/03\/AECC-212x300.jpg 212w\" sizes=\"(max-width: 678px) 100vw, 678px\" \/><\/a><\/p>\n<p>&nbsp;<\/p>\n<p>Con motivo del d\u00eda mundial contra el c\u00e1ncer de colon la<strong> Junta Local de Aran de la AECC- Catalu\u00f1a contra el c\u00e1ncer<\/strong> ha organizado para el d\u00eda de hoy, 31 de marzo, varias actividades:<\/p>\n<p>&#8211;<strong> 18.00 horas<\/strong>: Taller de cocina saludable con la <strong>Dra. Antonieta Barahona<\/strong> (m\u00e9dica Especialista en nutrici\u00f3n).<br \/>\nLugar: Casal del Jubilado. Vielha.<\/p>\n<p>&#8211;<strong> 20:00 horas:<\/strong> Charrada sobre el c\u00e1ncer de colon con la <strong>Dra. Clara Montagut<\/strong> (m\u00e9dica onc\u00f3loga del Hospital del Mar Barcelona), <strong>Sof\u00eda Rodr\u00edguez<\/strong> (enfermera referente cribaje colon y recto Val d\u2019Aran) y la <strong>Dra. Antonieta Barahona<\/strong> (miembro del comit\u00e9 t\u00e9cnico de la AECC Lleida).<br \/>\nLugar: Conselh Generau d\u2019Aran (Vielha).<\/p>\n<p>El programa de prevenci\u00f3n de c\u00e1ncer de colon y recto cuenta con la colaboraci\u00f3n del <strong>Servicio Aran\u00e9s de Bienestar y Salud, el Conselh Generau d\u2019Aran, la Diputaci\u00f3n de Lleida y el Colegio de Farmac\u00e9uticos de Lleida.<\/strong><\/p>\n<p>&nbsp;<\/p>\n<p>&nbsp;<\/p>\n<p>Vielha, 31 de marzo de 2016<\/p>\n<p>&nbsp;<\/p>\n<p><em>Conselh Generau d&#8217;Aran: N\u00faria Sanjuan<\/em><\/p>\n ","protected":false},"excerpt":{"rendered":"<p>\u2022 Con motivo del d\u00eda mundial contra del c\u00e1ncer de colon, durante el d\u00eda de hoy, 31 de marzo, se realizar\u00e1n varios actos. \u2022 Adem\u00e1s, hasta el 4 de abril se puede visitar la exposici\u00f3n sobre el c\u00e1ncer de colon en el Hospital Val d\u2019Aran. &nbsp; &nbsp; Con motivo del d\u00eda mundial contra el c\u00e1ncer&#8230;<\/p>\n","protected":false},"author":2,"featured_media":11228,"comment_status":"closed","ping_status":"closed","sticky":false,"template":"","format":"standard","meta":{"footnotes":""},"categories":[34],"tags":[],"_links":{"self":[{"href":"https:\/\/www.conselharan.org\/es\/wp-json\/wp\/v2\/posts\/11232"}],"collection":[{"href":"https:\/\/www.conselharan.org\/es\/wp-json\/wp\/v2\/posts"}],"about":[{"href":"https:\/\/www.conselharan.org\/es\/wp-json\/wp\/v2\/types\/post"}],"author":[{"embeddable":true,"href":"https:\/\/www.conselharan.org\/es\/wp-json\/wp\/v2\/users\/2"}],"replies":[{"embeddable":true,"href":"https:\/\/www.conselharan.org\/es\/wp-json\/wp\/v2\/comments?post=11232"}],"version-history":[{"count":1,"href":"https:\/\/www.conselharan.org\/es\/wp-json\/wp\/v2\/posts\/11232\/revisions"}],"predecessor-version":[{"id":11233,"href":"https:\/\/www.conselharan.org\/es\/wp-json\/wp\/v2\/posts\/11232\/revisions\/11233"}],"wp:featuredmedia":[{"embeddable":true,"href":"https:\/\/www.conselharan.org\/es\/wp-json\/wp\/v2\/media\/11228"}],"wp:attachment":[{"href":"https:\/\/www.conselharan.org\/es\/wp-json\/wp\/v2\/media?parent=11232"}],"wp:term":[{"taxonomy":"category","embeddable":true,"href":"https:\/\/www.conselharan.org\/es\/wp-json\/wp\/v2\/categories?post=11232"},{"taxonomy":"post_tag","embeddable":true,"href":"https:\/\/www.conselharan.org\/es\/wp-json\/wp\/v2\/tags?post=11232"}],"curies":[{"name":"wp","href":"https:\/\/api.w.org\/{rel}","templated":true}]}}