{"id":11240,"date":"2016-04-01T15:04:30","date_gmt":"2016-04-01T13:04:30","guid":{"rendered":"http:\/\/www.conselharan.org\/es\/?p=11240"},"modified":"2016-04-01T15:04:30","modified_gmt":"2016-04-01T13:04:30","slug":"buena-participacion-en-la-val-daran-en-la-v-edicion-de-la-jornada-de-poda-en-manzana-de-montana","status":"publish","type":"post","link":"https:\/\/www.conselharan.org\/es\/buena-participacion-en-la-val-daran-en-la-v-edicion-de-la-jornada-de-poda-en-manzana-de-montana\/","title":{"rendered":"Buena participaci\u00f3n en la Val d&#8217;Aran en la V edici\u00f3n de la Jornada de poda en manzana de monta\u00f1a"},"content":{"rendered":"<p><a href=\"http:\/\/www.conselharan.org\/wp-content\/uploads\/2016\/04\/poma2.jpg\"><img loading=\"lazy\" decoding=\"async\" class=\"aligncenter size-large wp-image-11235\" src=\"http:\/\/www.conselharan.org\/wp-content\/uploads\/2016\/04\/poma2-1024x745.jpg\" alt=\"poma2\" width=\"1024\" height=\"745\" srcset=\"https:\/\/www.conselharan.org\/wp-content\/uploads\/2016\/04\/poma2-1024x745.jpg 1024w, https:\/\/www.conselharan.org\/wp-content\/uploads\/2016\/04\/poma2-300x218.jpg 300w, https:\/\/www.conselharan.org\/wp-content\/uploads\/2016\/04\/poma2.jpg 1118w\" sizes=\"(max-width: 1024px) 100vw, 1024px\" \/><\/a><\/p>\n<p>&nbsp;<\/p>\n<p>El Gov\u00e8rn de Aran, a trav\u00e9s del Departamento de Agricultura, Ganader\u00eda y Medio Natural, ha organizado una jornada de poda en manzana de monta\u00f1a. Esta jornada, que cuenta con el apoyo del Departamento de Agricultura, Ganader\u00eda, Pesca y Alimentaci\u00f3n de la Generalitat de Catalu\u00f1a, se ha centrado en la tarea de la recuperaci\u00f3n y las potencialidades de nuevos productos emergentes alrededor de las variedades locales de fruta en la Val d&#8217;Aran.<\/p>\n<p>La producci\u00f3n de fruta en altura , constituye una oportunidad para la diversificaci\u00f3n de la econom\u00eda productiva de los territorios de monta\u00f1a que, en casos como la Val d&#8217;Aran, est\u00e1 muy focalizada en el turismo. Como toda innovaci\u00f3n, requiere su aprendizaje en la tecnolog\u00eda de producci\u00f3n y, en particular, la poda del \u00e1rbol frutal.<\/p>\n<p>&nbsp;<\/p>\n<p><a href=\"http:\/\/www.conselharan.org\/wp-content\/uploads\/2016\/04\/SINDIC-DARAN.jpg\"><img loading=\"lazy\" decoding=\"async\" class=\"aligncenter size-large wp-image-11236\" src=\"http:\/\/www.conselharan.org\/wp-content\/uploads\/2016\/04\/SINDIC-DARAN-1024x528.jpg\" alt=\"SINDIC D'ARAN\" width=\"1024\" height=\"528\" srcset=\"https:\/\/www.conselharan.org\/wp-content\/uploads\/2016\/04\/SINDIC-DARAN-1024x528.jpg 1024w, https:\/\/www.conselharan.org\/wp-content\/uploads\/2016\/04\/SINDIC-DARAN-300x155.jpg 300w\" sizes=\"(max-width: 1024px) 100vw, 1024px\" \/><\/a><\/p>\n<p>&nbsp;<\/p>\n<p>La jornada ha contado con la presencia del sindic de Aran, <strong>Carlos Barrera<\/strong> y del conselh\u00e8r de Agricultura, Ganader\u00eda y Medio Natural de Aran,<strong> Jose Enrique Arr\u00f3.<\/strong><\/p>\n<p>En palabras del conselh\u00e8r <strong>Jose Enrique Arr\u00f3, \u00abla jornada tiene como objetivo aportar conocimientos te\u00f3ricos y pr\u00e1cticos sobre la poda del manzano d\u00f3nde en la Val d&#8217;Aran este cultivo ha estado desde \u00e9pocas inmemoriales y todav\u00eda est\u00e1 muy presente\u00bb.<\/strong><\/p>\n<p>&nbsp;<\/p>\n<p>Vielha, 1 de abril de 2016<\/p>\n<p>&nbsp;<\/p>\n<p><em>Conselh Generau d&#8217;Aran: N\u00faria Sanjuan<\/em><\/p>\n ","protected":false},"excerpt":{"rendered":"<p>&nbsp; El Gov\u00e8rn de Aran, a trav\u00e9s del Departamento de Agricultura, Ganader\u00eda y Medio Natural, ha organizado una jornada de poda en manzana de monta\u00f1a. Esta jornada, que cuenta con el apoyo del Departamento de Agricultura, Ganader\u00eda, Pesca y Alimentaci\u00f3n de la Generalitat de Catalu\u00f1a, se ha centrado en la tarea de la recuperaci\u00f3n y&#8230;<\/p>\n","protected":false},"author":2,"featured_media":11235,"comment_status":"closed","ping_status":"closed","sticky":false,"template":"","format":"standard","meta":{"footnotes":""},"categories":[52],"tags":[],"_links":{"self":[{"href":"https:\/\/www.conselharan.org\/es\/wp-json\/wp\/v2\/posts\/11240"}],"collection":[{"href":"https:\/\/www.conselharan.org\/es\/wp-json\/wp\/v2\/posts"}],"about":[{"href":"https:\/\/www.conselharan.org\/es\/wp-json\/wp\/v2\/types\/post"}],"author":[{"embeddable":true,"href":"https:\/\/www.conselharan.org\/es\/wp-json\/wp\/v2\/users\/2"}],"replies":[{"embeddable":true,"href":"https:\/\/www.conselharan.org\/es\/wp-json\/wp\/v2\/comments?post=11240"}],"version-history":[{"count":1,"href":"https:\/\/www.conselharan.org\/es\/wp-json\/wp\/v2\/posts\/11240\/revisions"}],"predecessor-version":[{"id":11241,"href":"https:\/\/www.conselharan.org\/es\/wp-json\/wp\/v2\/posts\/11240\/revisions\/11241"}],"wp:featuredmedia":[{"embeddable":true,"href":"https:\/\/www.conselharan.org\/es\/wp-json\/wp\/v2\/media\/11235"}],"wp:attachment":[{"href":"https:\/\/www.conselharan.org\/es\/wp-json\/wp\/v2\/media?parent=11240"}],"wp:term":[{"taxonomy":"category","embeddable":true,"href":"https:\/\/www.conselharan.org\/es\/wp-json\/wp\/v2\/categories?post=11240"},{"taxonomy":"post_tag","embeddable":true,"href":"https:\/\/www.conselharan.org\/es\/wp-json\/wp\/v2\/tags?post=11240"}],"curies":[{"name":"wp","href":"https:\/\/api.w.org\/{rel}","templated":true}]}}