{"id":11249,"date":"2016-04-01T15:55:01","date_gmt":"2016-04-01T13:55:01","guid":{"rendered":"http:\/\/www.conselharan.org\/es\/?p=11249"},"modified":"2016-04-04T10:45:03","modified_gmt":"2016-04-04T08:45:03","slug":"se-abre-la-temporada-de-pesca-en-la-val-daran-3","status":"publish","type":"post","link":"https:\/\/www.conselharan.org\/es\/se-abre-la-temporada-de-pesca-en-la-val-daran-3\/","title":{"rendered":"Se abre la temporada de pesca en la Val d\u2019Aran"},"content":{"rendered":"<p><strong>\u2022 Primeras capturas sin muerte de la temporada de pesca.<\/strong><\/p>\n<p><strong>\u2022 El periodo h\u00e1bil general de pesca empieza el d\u00eda 1 de abril de 2016 y finaliza el 31 de agosto de 2016, ambos incluidos.<\/strong><\/p>\n<p>&nbsp;<\/p>\n<p><a href=\"http:\/\/www.conselharan.org\/wp-content\/uploads\/2016\/04\/societat-de-ca\u00e7a-e-pesca-VdA1.jpg\"><img loading=\"lazy\" decoding=\"async\" class=\"aligncenter size-large wp-image-11243\" src=\"http:\/\/www.conselharan.org\/wp-content\/uploads\/2016\/04\/societat-de-ca\u00e7a-e-pesca-VdA1-1024x768.jpg\" alt=\"societat de ca\u00e7a e pesca VdA1\" width=\"1024\" height=\"768\" srcset=\"https:\/\/www.conselharan.org\/wp-content\/uploads\/2016\/04\/societat-de-ca\u00e7a-e-pesca-VdA1-1024x768.jpg 1024w, https:\/\/www.conselharan.org\/wp-content\/uploads\/2016\/04\/societat-de-ca\u00e7a-e-pesca-VdA1-300x225.jpg 300w, https:\/\/www.conselharan.org\/wp-content\/uploads\/2016\/04\/societat-de-ca\u00e7a-e-pesca-VdA1.jpg 1600w\" sizes=\"(max-width: 1024px) 100vw, 1024px\" \/><\/a><\/p>\n<p><em>\u00a0La Sociedad de Caza y Pesca de la Val d\u2019Aran nos han enviado las fotos de las primeras capturas. Las truchas han sido pescadas a l\u00e1tigo sin muerte.<\/em><\/p>\n<p>&nbsp;<\/p>\n<p>El Conselh de Gov\u00e8rn del Conselh Generau d\u2019Aran, en sesi\u00f3n ordinaria de 15 de febrero de 2016, aprob\u00f3 el Plan Espec\u00edfico de Pesca de la Val d\u2019Aran, temporada 2016, en los t\u00e9rminos que se especifican a continuaci\u00f3n:<\/p>\n<p><strong>1) Periodos h\u00e1biles.<\/strong> El periodo h\u00e1bil general de pesca empieza el d\u00eda 1 de abril de 2016 y finaliza el 31 de agosto de 2016, ambos incluidos, con las excepciones que se citan a continuaci\u00f3n:<\/p>\n<p>&#8211; En los lagos de alta monta\u00f1a: empieza el 29 de mayo de 2016 (siempre y cuando el lago est\u00e9 mayoritariamente deshelado) y finaliza el d\u00eda 30 de septiembre de 2016.<\/p>\n<p>&#8211; En la zona de pesca controlada del embalse de Aiguam\u00f2g: empieza el 1 de mayo de 2016 (siempre y cuando el embalse est\u00e9 mayoritariamente deshelado) y finaliza el d\u00eda 25 de septiembre de 2016.<\/p>\n<p>-En los r\u00edos de alta monta\u00f1a (Riu Malo, Ruda, Aiguam\u00f2g, Valarties, Noguera Ribagor\u00e7ana y Noguera Pallaresa): empieza el 1 de mayo de 2016 y finaliza el 31 de agosto de 2016.<\/p>\n<p><strong>2) Tramos vedados o refugios de pesca.<\/strong><\/p>\n<p>&#8211; S\u00f3lo se podr\u00e1 llevar a cabo la actividad de la pesca en los tramos de r\u00edos habilitados al efecto y publicados en los mapas editados por el Conselh Generau d\u2019Aran, que constan en la relaci\u00f3n anexa a esta orden de vedas. El resto de tramos est\u00e1n considerados cotos de pesca.<\/p>\n<p>&#8211; Debido a la excepcionalidad de la riada del 18 de junio de 2013, y dado que las densidades de trucha despu\u00e9s de la riada no son suficientes para permitir la actividad pisc\u00edcola, se ha vedado el tramo del r\u00edo Garona en el municipio de Naut Aran.<\/p>\n<p>&#8211; En las zonas de pesca de lagos y balsas de alta monta\u00f1a, en los tramos de aguas corrientes existentes entre diferentes lagos, no est\u00e1 permitida la pesca y se consideran, por lo tanto, vedados de pesca.<\/p>\n<p><strong>3) Anzuelos y cebos.<\/strong><\/p>\n<p>&#8211; Se proh\u00edbe expresamente la pesca con cualquier especie de pez natural vivo o muerto.<\/p>\n<p>&#8211; El tipo de cebos permitidos son:<\/p>\n<p>&#8211; Cebos artificiales: cucharillas, ninfas, moscas, peces o animales imitados o simulados y cualquier otro de similar naturaleza, \u201carponet\u201d permitido.<\/p>\n<p>&#8211; Cebos naturales: gusano de tierra (an\u00e9lidos), gusano de miel o \u201ct\u00e8nia\u201d (Galleria mellaeonnella), gusanos de funda, cuques de riera, dragues o perlas (efemer\u00f3pteros, tric\u00f3pteros, plec\u00f3pteros, ort\u00f3pteros), saltamontes y moscas adultas, con un solo anzuelo y \u201carponet\u201d permitido. Los anzuelos permitidos ser\u00e1n los comprendidos entre las medidas n\u00fam. 1 (uno), y 10 (diez), ambos incluidos.<\/p>\n<p>&nbsp;<\/p>\n<p><a href=\"http:\/\/www.conselharan.org\/wp-content\/uploads\/2016\/04\/societat-de-ca\u00e7a-e-pesca-VdA.jpg\"><img loading=\"lazy\" decoding=\"async\" class=\"aligncenter size-large wp-image-11244\" src=\"http:\/\/www.conselharan.org\/wp-content\/uploads\/2016\/04\/societat-de-ca\u00e7a-e-pesca-VdA-1024x640.jpg\" alt=\"societat de ca\u00e7a e pesca VdA\" width=\"1024\" height=\"640\" srcset=\"https:\/\/www.conselharan.org\/wp-content\/uploads\/2016\/04\/societat-de-ca\u00e7a-e-pesca-VdA-1024x640.jpg 1024w, https:\/\/www.conselharan.org\/wp-content\/uploads\/2016\/04\/societat-de-ca\u00e7a-e-pesca-VdA-300x188.jpg 300w, https:\/\/www.conselharan.org\/wp-content\/uploads\/2016\/04\/societat-de-ca\u00e7a-e-pesca-VdA.jpg 1080w\" sizes=\"(max-width: 1024px) 100vw, 1024px\" \/><\/a><\/p>\n<p><em>La Sociedad de Caza y Pesca de la Val d\u2019Aran nos han enviado las fotos de las primeras capturas. Las truchas han sido pescadas a l\u00e1tigo sin muerte.<\/em><\/p>\n<p>&nbsp;<\/p>\n<p><strong>4) Medida m\u00ednima autorizada<\/strong>. Con el fin de preservar las fracciones de edad reproductoras de los cursos fluviales, no se establece talla m\u00ednima de captura. Las tallas m\u00e1ximas (medida a partir de la cual hay que devolver el pez al r\u00edo) son:<\/p>\n<p>&#8211; Garona: treinta cent\u00edmetros (30 cm).<\/p>\n<p>&#8211; Afluentes laterales y r\u00edos de monta\u00f1a (incluido el embalse de Aiguam\u00f2g): veintid\u00f3s cent\u00edmetros (22 cm).<\/p>\n<p>&#8211; Lagos y embalses: sin talla.<\/p>\n<p><strong>5) N\u00famero m\u00e1ximo de capturas autorizadas.<\/strong> El n\u00famero m\u00e1ximo de capturas autorizadas por pescador y d\u00eda es proporcional a la densidad de trucha actual respecto a la densidad hist\u00f3rica, es decir:<\/p>\n<p>&#8211; Garona: tres (3) capturas\/pescador y d\u00eda<\/p>\n<p>&#8211; Afluentes laterales y r\u00edos de monta\u00f1a (incluido el embalse de Aiguam\u00f2g): cinco (5) capturas\/pescador y d\u00eda<\/p>\n<p>&#8211; Lagos y embalses: doce (12) capturas\/pescador y d\u00eda<\/p>\n<p><strong>6) Captura de especies al\u00f3ctonas.<\/strong> Se permite la captura sin l\u00edmite de tallas ni cuota de captura de la trucha irisada (Oncorhynchus mykiss) y del salvelino (Salvelinus fontinalis). En virtud de la disposici\u00f3n transitoria segunda del Real decreto 630\/2013, de 2 de agosto, por el que se regula el Cat\u00e1logo espa\u00f1ol de especies ex\u00f3ticas invasoras catalogadas, las especies catalogadas introducidas en el medio natural con anterioridad a la entrada en vigor de la Ley 42\/2007, del 13 de diciembre, pueden ser objeto de aprovechamiento pisc\u00edcola, con el objetivo de controlar y erradicar sus poblaciones. En el supuesto que una zona de pesca controlada o una zona libre sin muerto incluya uno de estos tramos, el aprovechamiento pesquero se aplicar\u00e1 en toda la zona.<\/p>\n<p><strong>7)<\/strong> Todo aquello que no contemple este Plan espec\u00edfico de pesca quedar\u00e1 regulado por Resoluci\u00f3n ARP\/28\/2016, de 4 de enero, por la cual se ordena la pesca a las aguas continentales de Catalu\u00f1a durante la temporada 2016 [DOGC n\u00fam. 7040 de 19.1.2016] y por la Ley 22\/2009, del 23 de diciembre, de ordenaci\u00f3n sostenible de la pesca en aguas continentales.<\/p>\n<p>&nbsp;<\/p>\n<p>&nbsp;<\/p>\n<p>Vielha, 1 de abril de 2016<\/p>\n<p>&nbsp;<\/p>\n<p><em>Conselh Generau d&#8217;Aran: N\u00faria Sanjuan<\/em><\/p>\n<p><em>Fotos: Sociedad de Caza y Pesca Val d&#8217;Aran<\/em><\/p>\n ","protected":false},"excerpt":{"rendered":"<p>\u2022 Primeras capturas sin muerte de la temporada de pesca. \u2022 El periodo h\u00e1bil general de pesca empieza el d\u00eda 1 de abril de 2016 y finaliza el 31 de agosto de 2016, ambos incluidos. &nbsp; \u00a0La Sociedad de Caza y Pesca de la Val d\u2019Aran nos han enviado las fotos de las primeras capturas&#8230;.<\/p>\n","protected":false},"author":2,"featured_media":11243,"comment_status":"closed","ping_status":"closed","sticky":false,"template":"","format":"standard","meta":{"footnotes":""},"categories":[52,126],"tags":[],"_links":{"self":[{"href":"https:\/\/www.conselharan.org\/es\/wp-json\/wp\/v2\/posts\/11249"}],"collection":[{"href":"https:\/\/www.conselharan.org\/es\/wp-json\/wp\/v2\/posts"}],"about":[{"href":"https:\/\/www.conselharan.org\/es\/wp-json\/wp\/v2\/types\/post"}],"author":[{"embeddable":true,"href":"https:\/\/www.conselharan.org\/es\/wp-json\/wp\/v2\/users\/2"}],"replies":[{"embeddable":true,"href":"https:\/\/www.conselharan.org\/es\/wp-json\/wp\/v2\/comments?post=11249"}],"version-history":[{"count":1,"href":"https:\/\/www.conselharan.org\/es\/wp-json\/wp\/v2\/posts\/11249\/revisions"}],"predecessor-version":[{"id":11250,"href":"https:\/\/www.conselharan.org\/es\/wp-json\/wp\/v2\/posts\/11249\/revisions\/11250"}],"wp:featuredmedia":[{"embeddable":true,"href":"https:\/\/www.conselharan.org\/es\/wp-json\/wp\/v2\/media\/11243"}],"wp:attachment":[{"href":"https:\/\/www.conselharan.org\/es\/wp-json\/wp\/v2\/media?parent=11249"}],"wp:term":[{"taxonomy":"category","embeddable":true,"href":"https:\/\/www.conselharan.org\/es\/wp-json\/wp\/v2\/categories?post=11249"},{"taxonomy":"post_tag","embeddable":true,"href":"https:\/\/www.conselharan.org\/es\/wp-json\/wp\/v2\/tags?post=11249"}],"curies":[{"name":"wp","href":"https:\/\/api.w.org\/{rel}","templated":true}]}}