{"id":11258,"date":"2016-04-01T18:33:56","date_gmt":"2016-04-01T16:33:56","guid":{"rendered":"http:\/\/www.conselharan.org\/es\/?p=11258"},"modified":"2016-04-01T18:33:56","modified_gmt":"2016-04-01T16:33:56","slug":"el-conselh-generau-daran-y-el-incasol-restauraran-esta-primavera-la-iglesia-de-st-joan-de-arres","status":"publish","type":"post","link":"https:\/\/www.conselharan.org\/es\/el-conselh-generau-daran-y-el-incasol-restauraran-esta-primavera-la-iglesia-de-st-joan-de-arres\/","title":{"rendered":"El Conselh Generau d\u2019Aran y el INCASOL restaurar\u00e1n esta primavera la iglesia de St. Joan de Arres"},"content":{"rendered":"<p>Vielha,1 de abril de 2016.- El <strong>Institut Catal\u00e0 del Sol<\/strong> (INCASOL) y el <strong>Conselh Generau d\u2019Aran<\/strong> acometer\u00e1n las obras de restauraci\u00f3n de la cubierta, vuelta y grietas de la iglesia de Sant Joan de Arres. La actuaci\u00f3n de restauraci\u00f3n, que se ten\u00eda que haber producido en el a\u00f1o 2009 cuando se firm\u00f3 el convenio de colaboraci\u00f3n y fue post puesta por falta de disponibilidad presupuestaria por parte de la Generalitat de Catalunya, finalmente se llevar\u00e1 a cabo esta primavera.<\/p>\n<p><a href=\"http:\/\/www.conselharan.org\/wp-content\/uploads\/2016\/04\/Captura-de-pantalla-completa-01042016-134849.jpg\"><img loading=\"lazy\" decoding=\"async\" class=\"aligncenter size-full wp-image-11254\" src=\"http:\/\/www.conselharan.org\/wp-content\/uploads\/2016\/04\/Captura-de-pantalla-completa-01042016-134849.jpg\" alt=\"Captura de pantalla completa 01042016 134849\" width=\"503\" height=\"392\" srcset=\"https:\/\/www.conselharan.org\/wp-content\/uploads\/2016\/04\/Captura-de-pantalla-completa-01042016-134849.jpg 503w, https:\/\/www.conselharan.org\/wp-content\/uploads\/2016\/04\/Captura-de-pantalla-completa-01042016-134849-300x234.jpg 300w, https:\/\/www.conselharan.org\/wp-content\/uploads\/2016\/04\/Captura-de-pantalla-completa-01042016-134849-423x330.jpg 423w\" sizes=\"(max-width: 503px) 100vw, 503px\" \/><\/a><\/p>\n<p>El a\u00f1o 2012 ante la situaci\u00f3n de deterioro de la b\u00f3veda y la cubierta de la iglesia, el Conselh Generau d\u2019Aran, ejecut\u00f3 su parte del convenio, con una inversi\u00f3n de 50.000 \u20ac para garantizar estas estructuras que estaban en un estado bastante grave.<\/p>\n<p>Posteriormente, el Conselh Generau d\u2019Aran continu\u00f3 pidiendo la ejecuci\u00f3n del resto de las obras pendientes, y finalmente, en fecha 30 de septiembre de 2015, el INCASOL aprob\u00f3 una nueva adenda al convenio de 2009 que posibilita la ejecuci\u00f3n de las obras restantes. En este sentido el INCASOL ha licitado las obras de la segunda fase de restauraci\u00f3n de la iglesia de Sant Joan de Arres, por un importe de 84.709,23\u20ac m\u00e1s IVA, a fin de restaurar la cubierta, vuelta y grietas de la iglesia.<\/p>\n<p>Esta actuaci\u00f3n <strong>\u201ces fruto de la insistencia del Conselh Generau d\u2019Aran y del Ayuntamiento de Arres, y garantizar\u00e1 la conservaci\u00f3n en buen estado de un importante elemento arquitect\u00f3nico del Valle de Aran, c\u00f3mo es la iglesia de Sant Joan de Arres\u201d<\/strong> ha manifestado el sindic d\u2019Aran <strong>Carlos Barrera<\/strong>.<\/p>\n<p>El sindic, tambi\u00e9n ha querido poner de manifiesto \u00abla determinaci\u00f3n del Departamento de Territorio de la Generalitat, para llevar a cabo esta actuaci\u00f3n a pesar de las graves dificultades econ\u00f3micas que sufre la Generalitat de Catalunya\u00bb.<\/p>\n ","protected":false},"excerpt":{"rendered":"<p>Vielha,1 de abril de 2016.- El Institut Catal\u00e0 del Sol (INCASOL) y el Conselh Generau d\u2019Aran acometer\u00e1n las obras de restauraci\u00f3n de la cubierta, vuelta y grietas de la iglesia de Sant Joan de Arres. La actuaci\u00f3n de restauraci\u00f3n, que se ten\u00eda que haber producido en el a\u00f1o 2009 cuando se firm\u00f3 el convenio de&#8230;<\/p>\n","protected":false},"author":2,"featured_media":11254,"comment_status":"closed","ping_status":"closed","sticky":false,"template":"","format":"standard","meta":{"footnotes":""},"categories":[52],"tags":[],"_links":{"self":[{"href":"https:\/\/www.conselharan.org\/es\/wp-json\/wp\/v2\/posts\/11258"}],"collection":[{"href":"https:\/\/www.conselharan.org\/es\/wp-json\/wp\/v2\/posts"}],"about":[{"href":"https:\/\/www.conselharan.org\/es\/wp-json\/wp\/v2\/types\/post"}],"author":[{"embeddable":true,"href":"https:\/\/www.conselharan.org\/es\/wp-json\/wp\/v2\/users\/2"}],"replies":[{"embeddable":true,"href":"https:\/\/www.conselharan.org\/es\/wp-json\/wp\/v2\/comments?post=11258"}],"version-history":[{"count":1,"href":"https:\/\/www.conselharan.org\/es\/wp-json\/wp\/v2\/posts\/11258\/revisions"}],"predecessor-version":[{"id":11259,"href":"https:\/\/www.conselharan.org\/es\/wp-json\/wp\/v2\/posts\/11258\/revisions\/11259"}],"wp:featuredmedia":[{"embeddable":true,"href":"https:\/\/www.conselharan.org\/es\/wp-json\/wp\/v2\/media\/11254"}],"wp:attachment":[{"href":"https:\/\/www.conselharan.org\/es\/wp-json\/wp\/v2\/media?parent=11258"}],"wp:term":[{"taxonomy":"category","embeddable":true,"href":"https:\/\/www.conselharan.org\/es\/wp-json\/wp\/v2\/categories?post=11258"},{"taxonomy":"post_tag","embeddable":true,"href":"https:\/\/www.conselharan.org\/es\/wp-json\/wp\/v2\/tags?post=11258"}],"curies":[{"name":"wp","href":"https:\/\/api.w.org\/{rel}","templated":true}]}}