{"id":11305,"date":"2016-04-05T17:45:21","date_gmt":"2016-04-05T15:45:21","guid":{"rendered":"http:\/\/www.conselharan.org\/es\/?p=11305"},"modified":"2016-04-08T13:35:22","modified_gmt":"2016-04-08T11:35:22","slug":"reunion-de-seguridad-y-coordinacion-del-itinerario-de-la-novena-etapa-del-tour-de-francia-2016-que-saldra-de-vielha","status":"publish","type":"post","link":"https:\/\/www.conselharan.org\/es\/reunion-de-seguridad-y-coordinacion-del-itinerario-de-la-novena-etapa-del-tour-de-francia-2016-que-saldra-de-vielha\/","title":{"rendered":"Reuni\u00f3n de seguridad y coordinaci\u00f3n del itinerario de la novena etapa del Tour de Francia 2016 que saldr\u00e1 de Vielha"},"content":{"rendered":"<p>\u2022<strong> El 10 de julio la Val d\u2019Aran acoger\u00e1 la salida de la novena etapa del Tour de Francia 2016 (Vielha- Arcal\u00eds)<\/strong>.<\/p>\n<p>&nbsp;<\/p>\n<p><a href=\"http:\/\/www.conselharan.org\/wp-content\/uploads\/2016\/04\/re\u00fcnion-seguretat0.jpg\"><img loading=\"lazy\" decoding=\"async\" class=\"aligncenter size-large wp-image-11301\" src=\"http:\/\/www.conselharan.org\/wp-content\/uploads\/2016\/04\/re\u00fcnion-seguretat0-1024x583.jpg\" alt=\"re\u00fcnion seguretat0\" width=\"1024\" height=\"583\" srcset=\"https:\/\/www.conselharan.org\/wp-content\/uploads\/2016\/04\/re\u00fcnion-seguretat0-1024x583.jpg 1024w, https:\/\/www.conselharan.org\/wp-content\/uploads\/2016\/04\/re\u00fcnion-seguretat0-300x171.jpg 300w, https:\/\/www.conselharan.org\/wp-content\/uploads\/2016\/04\/re\u00fcnion-seguretat0-305x175.jpg 305w, https:\/\/www.conselharan.org\/wp-content\/uploads\/2016\/04\/re\u00fcnion-seguretat0.jpg 1594w\" sizes=\"(max-width: 1024px) 100vw, 1024px\" \/><\/a><\/p>\n<p>&nbsp;<\/p>\n<p>La sede del Conselh Generau d\u2019Aran ha acogido esta ma\u00f1ana la reuni\u00f3n de seguridad y coordinaci\u00f3n entre los cuerpos y fuerzas de seguridad en el itinerario de la novena etapa del Tour de Francia del 10 de julio con salida de Vielha y llegada a Arcalis (Andorra) con 184.5 Km y 5 puertos de monta\u00f1a.<\/p>\n<p>La reuni\u00f3n ha sido presidida por el vicesindic de Aran y conselh\u00e8r de Deportes, <strong>Luis Carlos Medina<\/strong>, por el conselh\u00e8r de Territorio de Aran, <strong>Jose Antonio Boya<\/strong> y por el comisario general responsable de las salidas del Tour de Francia, <strong>Yannick Goasduff<\/strong>, con la presencia del director general de los Mossos de Esquadra, <strong>Albert Batlle<\/strong>, de representantes de la organizaci\u00f3n del Tour de Francia, <strong>Jean-Louis Pag\u00e8s<\/strong> y <strong>Bertrand Charrier,<\/strong> del director de la Volta Ciclista Catalu\u00f1a,<strong> Ruben Peris<\/strong>, adem\u00e1s de representantes de las fuerzas y cuerpos de seguridad <strong>Gendarmerie Nationale, Garde R\u00e9publicaine, Police Nationale, Mossos de Esquadra, Polic\u00eda Nacional y Guardia Civil.<\/strong><\/p>\n<p>&nbsp;<\/p>\n<p><a href=\"http:\/\/www.conselharan.org\/wp-content\/uploads\/2016\/04\/re\u00fcnion-seguretat.jpg\"><img loading=\"lazy\" decoding=\"async\" class=\"aligncenter size-large wp-image-11300\" src=\"http:\/\/www.conselharan.org\/wp-content\/uploads\/2016\/04\/re\u00fcnion-seguretat-1024x659.jpg\" alt=\"re\u00fcnion seguretat\" width=\"1024\" height=\"659\" srcset=\"https:\/\/www.conselharan.org\/wp-content\/uploads\/2016\/04\/re\u00fcnion-seguretat-1024x659.jpg 1024w, https:\/\/www.conselharan.org\/wp-content\/uploads\/2016\/04\/re\u00fcnion-seguretat-300x193.jpg 300w, https:\/\/www.conselharan.org\/wp-content\/uploads\/2016\/04\/re\u00fcnion-seguretat.jpg 1600w\" sizes=\"(max-width: 1024px) 100vw, 1024px\" \/><\/a><\/p>\n<p>&nbsp;<\/p>\n<p>En palabras del vicesindic de Aran y conselh\u00e8r de Deportes, <strong>Luis Carlos Medina \u201cha sido una reuni\u00f3n con muy buena sinton\u00eda entre las Administraciones y las fuerzas y cuerpos de seguridad. El Conselh Generau d\u2019Aran y el Departamento de Interior han puesto sobre la mesa todos los aspectos de viabilidad y seguridad para la salida del Tour de Francia, el 10 de julio\u201d.<\/strong><\/p>\n<p><strong>\u201cEl trabajo ha sido un \u00e9xito y evidencia la profesionalidad y conocimientos de los implicados, trabajaremos para garantizar la m\u00e1xima eficiencia y seguridad en este acontecimiento tan importante\u201d<\/strong> ha a\u00f1adido <strong>Medina<\/strong>.<\/p>\n<p>&nbsp;<\/p>\n<p>&nbsp;<\/p>\n<p>Vielha, 5 de abril de 2016<\/p>\n<p>&nbsp;<\/p>\n<p><em>Conselh Generau d&#8217;Aran: N\u00faria Sanjuan<\/em><\/p>\n ","protected":false},"excerpt":{"rendered":"<p>\u2022 El 10 de julio la Val d\u2019Aran acoger\u00e1 la salida de la novena etapa del Tour de Francia 2016 (Vielha- Arcal\u00eds). &nbsp; &nbsp; La sede del Conselh Generau d\u2019Aran ha acogido esta ma\u00f1ana la reuni\u00f3n de seguridad y coordinaci\u00f3n entre los cuerpos y fuerzas de seguridad en el itinerario de la novena etapa del&#8230;<\/p>\n","protected":false},"author":2,"featured_media":11301,"comment_status":"closed","ping_status":"closed","sticky":false,"template":"","format":"standard","meta":{"footnotes":""},"categories":[52],"tags":[],"_links":{"self":[{"href":"https:\/\/www.conselharan.org\/es\/wp-json\/wp\/v2\/posts\/11305"}],"collection":[{"href":"https:\/\/www.conselharan.org\/es\/wp-json\/wp\/v2\/posts"}],"about":[{"href":"https:\/\/www.conselharan.org\/es\/wp-json\/wp\/v2\/types\/post"}],"author":[{"embeddable":true,"href":"https:\/\/www.conselharan.org\/es\/wp-json\/wp\/v2\/users\/2"}],"replies":[{"embeddable":true,"href":"https:\/\/www.conselharan.org\/es\/wp-json\/wp\/v2\/comments?post=11305"}],"version-history":[{"count":1,"href":"https:\/\/www.conselharan.org\/es\/wp-json\/wp\/v2\/posts\/11305\/revisions"}],"predecessor-version":[{"id":11306,"href":"https:\/\/www.conselharan.org\/es\/wp-json\/wp\/v2\/posts\/11305\/revisions\/11306"}],"wp:featuredmedia":[{"embeddable":true,"href":"https:\/\/www.conselharan.org\/es\/wp-json\/wp\/v2\/media\/11301"}],"wp:attachment":[{"href":"https:\/\/www.conselharan.org\/es\/wp-json\/wp\/v2\/media?parent=11305"}],"wp:term":[{"taxonomy":"category","embeddable":true,"href":"https:\/\/www.conselharan.org\/es\/wp-json\/wp\/v2\/categories?post=11305"},{"taxonomy":"post_tag","embeddable":true,"href":"https:\/\/www.conselharan.org\/es\/wp-json\/wp\/v2\/tags?post=11305"}],"curies":[{"name":"wp","href":"https:\/\/api.w.org\/{rel}","templated":true}]}}