{"id":11354,"date":"2016-04-07T19:05:22","date_gmt":"2016-04-07T17:05:22","guid":{"rendered":"http:\/\/www.conselharan.org\/es\/?p=11354"},"modified":"2016-04-07T19:05:22","modified_gmt":"2016-04-07T17:05:22","slug":"el-idapa-presenta-al-conselh-generau-daran-el-metodo-sendif","status":"publish","type":"post","link":"https:\/\/www.conselharan.org\/es\/el-idapa-presenta-al-conselh-generau-daran-el-metodo-sendif\/","title":{"rendered":"El IDAPA presenta al Conselh Generau d\u2019Aran el m\u00e9todo SENDIF"},"content":{"rendered":"<p>Vielha, 07 de abril de 2016.- Los responsables del <strong>Instituto para el Desarrollo y Promoci\u00f3n del Alto Pirineo y Aran (IDAPA)<\/strong>, han presentado hoy en el <strong>Conselh Generau d\u2019Aran<\/strong> el <strong>m\u00e9todo SENDIF<\/strong>, a trav\u00e9s del cual se establecen los criterios para determinar el grado de dificultad de los itinerarios a pie por los caminos y senderos. La presentaci\u00f3n se ha producido durante el transcurso de la reuni\u00f3n de la Mesa de Senderismo del Alt Pirineu y Aran.<\/p>\n<p>Esta gu\u00eda que hace apenas cuatro meses que est\u00e1 creada y que todav\u00eda est\u00e1 en periodo de prueba, es una nueva herramienta para informadores tur\u00edsticos y t\u00e9cnicos en senderismo, dirigida a todo tipo de p\u00fablico.<\/p>\n<p>El director del IDAPA <strong>Pere Porta<\/strong>, explic\u00f3 que el m\u00e9todo nace porqu\u00e9 se detect\u00f3 que hab\u00eda una veintena diferente de maneras de explicar \u00ablas dificultades\u00bb tanto f\u00edsicas como t\u00e9cnicas de los itinerarios, una informaci\u00f3n que siempre est\u00e1 presente en cualquier ruta , para poder unificar la manera de contarlo y para que esta informaci\u00f3n sea lo m\u00e1s ajustada posible a la realidad.<\/p>\n<p><a href=\"http:\/\/www.conselharan.org\/wp-content\/uploads\/2016\/04\/IMG_1231-001.jpg\"><img loading=\"lazy\" decoding=\"async\" class=\"aligncenter size-large wp-image-11349\" src=\"http:\/\/www.conselharan.org\/wp-content\/uploads\/2016\/04\/IMG_1231-001-1024x484.jpg\" alt=\"IMG_1231-001\" width=\"1024\" height=\"484\" srcset=\"https:\/\/www.conselharan.org\/wp-content\/uploads\/2016\/04\/IMG_1231-001-1024x484.jpg 1024w, https:\/\/www.conselharan.org\/wp-content\/uploads\/2016\/04\/IMG_1231-001-300x142.jpg 300w\" sizes=\"(max-width: 1024px) 100vw, 1024px\" \/><\/a><\/p>\n<p>SENDIF se ha elaborado con las aportaciones surgidas de las conclusiones de dos seminarios t\u00e9cnicos de debate y la participaci\u00f3n de una treintena de expertos.<\/p>\n<p>La nueva gu\u00eda, tiene formato digital y se puede consultar en la p\u00e1gina web <a href=\"http:\/\/www.sompirineu.cat\/som-senderisme\/sendif\">www.sompirineu.cat\/som-senderisme\/sendif<\/a><\/p>\n<p>Por su parte, la consejera de Turismo <strong>Ana D\u00edaz<\/strong>, que ha presidido la reuni\u00f3n de la <strong>Mesa de Senderismo del Alt Pirineu y Aran<\/strong>, se felicit\u00f3 por esta nueva herramienta y enumer\u00f3 las acciones del Conselh Generau d\u2019Aran para promocionar y difundir las 22 rutas y senderos del Naut Aran, Mig Aran y Bajo Aran. D\u00edaz, explic\u00f3 que esta promoci\u00f3n se hace a trav\u00e9s de Torisme Val d&#8217;Aran y que el Gov\u00e8rn d\u2019Aran trabaja continuamente en la adaptaci\u00f3n, la mejora y la se\u00f1alizaci\u00f3n de los diferentes caminos y senderos, as\u00ed como en la apertura de nuevas rutas como en el caso del nuevo proyecto de se\u00f1alizaci\u00f3n y acceso al Pico del Montlude. La consejera tambi\u00e9n se ha referido a la promoci\u00f3n de las rutas de bicicleta y BTT de la Val d&#8217;Aran, una de las apuestas para los pr\u00f3ximos meses y a la tarea que se desarrolla conjuntamente con las empresas aranesas de senderismo y turismo activo.<\/p>\n<p>La consejera Anna D\u00edaz, anunci\u00f3 que <strong>el m\u00e9todo SENDIF, que tambi\u00e9n incluye recomendaciones para los usuarios, tendr\u00e1 su versi\u00f3n en aran\u00e9s<\/strong> que ir\u00e1 a cargo del departamento de Pol\u00edtica Ling\u00fc\u00edstica del Conselh Generau d\u2019Aran.<\/p>\n<p>Durante el encuentro, los responsables t\u00e9cnicos del IDAPA, anunciaron la creaci\u00f3n de un Festival de Senderismo del Pirineo.<\/p>\n ","protected":false},"excerpt":{"rendered":"<p>Vielha, 07 de abril de 2016.- Los responsables del Instituto para el Desarrollo y Promoci\u00f3n del Alto Pirineo y Aran (IDAPA), han presentado hoy en el Conselh Generau d\u2019Aran el m\u00e9todo SENDIF, a trav\u00e9s del cual se establecen los criterios para determinar el grado de dificultad de los itinerarios a pie por los caminos y&#8230;<\/p>\n","protected":false},"author":2,"featured_media":11349,"comment_status":"closed","ping_status":"closed","sticky":false,"template":"","format":"standard","meta":{"footnotes":""},"categories":[52],"tags":[],"_links":{"self":[{"href":"https:\/\/www.conselharan.org\/es\/wp-json\/wp\/v2\/posts\/11354"}],"collection":[{"href":"https:\/\/www.conselharan.org\/es\/wp-json\/wp\/v2\/posts"}],"about":[{"href":"https:\/\/www.conselharan.org\/es\/wp-json\/wp\/v2\/types\/post"}],"author":[{"embeddable":true,"href":"https:\/\/www.conselharan.org\/es\/wp-json\/wp\/v2\/users\/2"}],"replies":[{"embeddable":true,"href":"https:\/\/www.conselharan.org\/es\/wp-json\/wp\/v2\/comments?post=11354"}],"version-history":[{"count":1,"href":"https:\/\/www.conselharan.org\/es\/wp-json\/wp\/v2\/posts\/11354\/revisions"}],"predecessor-version":[{"id":11355,"href":"https:\/\/www.conselharan.org\/es\/wp-json\/wp\/v2\/posts\/11354\/revisions\/11355"}],"wp:featuredmedia":[{"embeddable":true,"href":"https:\/\/www.conselharan.org\/es\/wp-json\/wp\/v2\/media\/11349"}],"wp:attachment":[{"href":"https:\/\/www.conselharan.org\/es\/wp-json\/wp\/v2\/media?parent=11354"}],"wp:term":[{"taxonomy":"category","embeddable":true,"href":"https:\/\/www.conselharan.org\/es\/wp-json\/wp\/v2\/categories?post=11354"},{"taxonomy":"post_tag","embeddable":true,"href":"https:\/\/www.conselharan.org\/es\/wp-json\/wp\/v2\/tags?post=11354"}],"curies":[{"name":"wp","href":"https:\/\/api.w.org\/{rel}","templated":true}]}}