{"id":11373,"date":"2016-04-08T13:34:42","date_gmt":"2016-04-08T11:34:42","guid":{"rendered":"http:\/\/www.conselharan.org\/es\/?p=11373"},"modified":"2016-04-08T14:26:13","modified_gmt":"2016-04-08T12:26:13","slug":"imagenes-de-la-osa-hvala-con-sus-cachorros","status":"publish","type":"post","link":"https:\/\/www.conselharan.org\/es\/imagenes-de-la-osa-hvala-con-sus-cachorros\/","title":{"rendered":"Im\u00e1genes de la osa Hvala con sus cachorros"},"content":{"rendered":"<p>\u2022<strong> El Gov\u00e8rn de Aran ha puesto nombre a uno de los cachorros: Tai (hermano en aran\u00e9s) si es macho o Tata (hermana en aran\u00e9s) si es hembra.<\/strong><\/p>\n<p>&nbsp;<\/p>\n<p><a href=\"http:\/\/www.conselharan.org\/wp-content\/uploads\/2016\/04\/HVALA.jpg\"><img loading=\"lazy\" decoding=\"async\" class=\"aligncenter size-large wp-image-11367\" src=\"http:\/\/www.conselharan.org\/wp-content\/uploads\/2016\/04\/HVALA-1024x768.jpg\" alt=\"HVALA\" width=\"1024\" height=\"768\" srcset=\"https:\/\/www.conselharan.org\/wp-content\/uploads\/2016\/04\/HVALA-1024x768.jpg 1024w, https:\/\/www.conselharan.org\/wp-content\/uploads\/2016\/04\/HVALA-300x225.jpg 300w\" sizes=\"(max-width: 1024px) 100vw, 1024px\" \/><\/a><\/p>\n<p>&nbsp;<\/p>\n<p>Agentes de Medio Natural del Conselh Generau d\u2019Aran han recuperado en el municipio de Vielha e Mijaran fotos del d\u00eda 4 de marzo hechas con c\u00e1maras de foto trampeo de la osa Hvala y sus dos cachorros nacidos en el 2015.<\/p>\n<p>&nbsp;<\/p>\n<p><a href=\"http:\/\/www.conselharan.org\/wp-content\/uploads\/2016\/04\/HVALA1.jpg\"><img loading=\"lazy\" decoding=\"async\" class=\"aligncenter size-large wp-image-11368\" src=\"http:\/\/www.conselharan.org\/wp-content\/uploads\/2016\/04\/HVALA1-1024x768.jpg\" alt=\"HVALA1\" width=\"1024\" height=\"768\" srcset=\"https:\/\/www.conselharan.org\/wp-content\/uploads\/2016\/04\/HVALA1-1024x768.jpg 1024w, https:\/\/www.conselharan.org\/wp-content\/uploads\/2016\/04\/HVALA1-300x225.jpg 300w\" sizes=\"(max-width: 1024px) 100vw, 1024px\" \/><\/a><\/p>\n<p>&nbsp;<\/p>\n<p>El Gov\u00e8rn de Aran ha puesto nombre a uno de los cachorros: Tai (hermano en aran\u00e9s) si es macho o Tata (hermana en aran\u00e9s) si es hembra.<\/p>\n<p>&nbsp;<\/p>\n<p><a href=\"http:\/\/www.conselharan.org\/wp-content\/uploads\/2016\/04\/HVALA2.jpg\"><img loading=\"lazy\" decoding=\"async\" class=\"aligncenter size-large wp-image-11369\" src=\"http:\/\/www.conselharan.org\/wp-content\/uploads\/2016\/04\/HVALA2-1024x768.jpg\" alt=\"HVALA2\" width=\"1024\" height=\"768\" srcset=\"https:\/\/www.conselharan.org\/wp-content\/uploads\/2016\/04\/HVALA2-1024x768.jpg 1024w, https:\/\/www.conselharan.org\/wp-content\/uploads\/2016\/04\/HVALA2-300x225.jpg 300w\" sizes=\"(max-width: 1024px) 100vw, 1024px\" \/><\/a><\/p>\n<p>&nbsp;<\/p>\n<p>Por su parte, Francia pondr\u00e1 nombre al otro cachorro.<\/p>\n<p><strong>El seguimiento y las im\u00e1genes se han obtenido en el marco del proyecto PirosLife.<\/strong><\/p>\n<p>&nbsp;<\/p>\n<p>Vielha, 8 de abril de 2016<\/p>\n<p>&nbsp;<\/p>\n<p><em>Conselh Generau d&#8217;Aran: N\u00faria Sanjuan<\/em><\/p>\n ","protected":false},"excerpt":{"rendered":"<p>\u2022 El Gov\u00e8rn de Aran ha puesto nombre a uno de los cachorros: Tai (hermano en aran\u00e9s) si es macho o Tata (hermana en aran\u00e9s) si es hembra. &nbsp; &nbsp; Agentes de Medio Natural del Conselh Generau d\u2019Aran han recuperado en el municipio de Vielha e Mijaran fotos del d\u00eda 4 de marzo hechas con&#8230;<\/p>\n","protected":false},"author":2,"featured_media":11369,"comment_status":"closed","ping_status":"closed","sticky":false,"template":"","format":"standard","meta":{"footnotes":""},"categories":[129,52],"tags":[],"_links":{"self":[{"href":"https:\/\/www.conselharan.org\/es\/wp-json\/wp\/v2\/posts\/11373"}],"collection":[{"href":"https:\/\/www.conselharan.org\/es\/wp-json\/wp\/v2\/posts"}],"about":[{"href":"https:\/\/www.conselharan.org\/es\/wp-json\/wp\/v2\/types\/post"}],"author":[{"embeddable":true,"href":"https:\/\/www.conselharan.org\/es\/wp-json\/wp\/v2\/users\/2"}],"replies":[{"embeddable":true,"href":"https:\/\/www.conselharan.org\/es\/wp-json\/wp\/v2\/comments?post=11373"}],"version-history":[{"count":3,"href":"https:\/\/www.conselharan.org\/es\/wp-json\/wp\/v2\/posts\/11373\/revisions"}],"predecessor-version":[{"id":11379,"href":"https:\/\/www.conselharan.org\/es\/wp-json\/wp\/v2\/posts\/11373\/revisions\/11379"}],"wp:featuredmedia":[{"embeddable":true,"href":"https:\/\/www.conselharan.org\/es\/wp-json\/wp\/v2\/media\/11369"}],"wp:attachment":[{"href":"https:\/\/www.conselharan.org\/es\/wp-json\/wp\/v2\/media?parent=11373"}],"wp:term":[{"taxonomy":"category","embeddable":true,"href":"https:\/\/www.conselharan.org\/es\/wp-json\/wp\/v2\/categories?post=11373"},{"taxonomy":"post_tag","embeddable":true,"href":"https:\/\/www.conselharan.org\/es\/wp-json\/wp\/v2\/tags?post=11373"}],"curies":[{"name":"wp","href":"https:\/\/api.w.org\/{rel}","templated":true}]}}