{"id":11403,"date":"2016-04-08T17:47:12","date_gmt":"2016-04-08T15:47:12","guid":{"rendered":"http:\/\/www.conselharan.org\/es\/?p=11403"},"modified":"2016-04-08T17:47:12","modified_gmt":"2016-04-08T15:47:12","slug":"foment-torisme-val-daran-presenta-su-memoria-de-acciones-del-ano-2015-y-su-plan-2016-2020","status":"publish","type":"post","link":"https:\/\/www.conselharan.org\/es\/foment-torisme-val-daran-presenta-su-memoria-de-acciones-del-ano-2015-y-su-plan-2016-2020\/","title":{"rendered":"Foment Torisme Val d\u2019Aran presenta su memoria de acciones del a\u00f1o 2015 y su Plan 2016-2020"},"content":{"rendered":"<p><strong>La Val d\u2019Aran ha sido el territorio de Catalu\u00f1a que m\u00e1s ha crecido tur\u00edsticamente durante el 2015 .<\/strong><\/p>\n<p><strong>Ha registrado un aumento del 4,75% en viajeros y de un 8,78% de pernoctaciones respecto al 2014.<\/strong><\/p>\n<p>&nbsp;<\/p>\n<p><a href=\"http:\/\/www.conselharan.org\/wp-content\/uploads\/2016\/04\/DSC_0015.jpg\"><img loading=\"lazy\" decoding=\"async\" class=\"aligncenter size-large wp-image-11395\" src=\"http:\/\/www.conselharan.org\/wp-content\/uploads\/2016\/04\/DSC_0015-1024x585.jpg\" alt=\"DSC_0015\" width=\"1024\" height=\"585\" srcset=\"https:\/\/www.conselharan.org\/wp-content\/uploads\/2016\/04\/DSC_0015-1024x585.jpg 1024w, https:\/\/www.conselharan.org\/wp-content\/uploads\/2016\/04\/DSC_0015-300x171.jpg 300w, https:\/\/www.conselharan.org\/wp-content\/uploads\/2016\/04\/DSC_0015-305x175.jpg 305w\" sizes=\"(max-width: 1024px) 100vw, 1024px\" \/><\/a><\/p>\n<p>&nbsp;<\/p>\n<p>El patronato de turismo de la Val d\u2019Aran, <strong>Foment Torisme Val d\u2019Aran (FTVA)<\/strong>, ha presentado la memoria sobre las acciones llevadas a cabo durante el ejercicio 2015. En este acto, la conselh\u00e8ra de Turismo y Desarrollo Econ\u00f3mico de Aran, <strong>Anna Diaz<\/strong>, a realizado una revisi\u00f3n de todas las medidas realizadas por FTVA durante el 2015<\/p>\n<p>En palabras de la conselh\u00e8ra de Turismo y Desarrollo Econ\u00f3mico de Aran, <strong>Anna D\u00edaz \u201cel objetivo de este documento es mostrar todas aquellas acciones e iniciativas llevadas a cabo en materia de promoci\u00f3n y comercializaci\u00f3n. Desde el Gov\u00e8rn de Aran no se concibe una pol\u00edtica tur\u00edstica sin la participaci\u00f3n ni la coordinaci\u00f3n entre el sector p\u00fablico y privado. De esta manera es m\u00e1s eficiente y eficaz y, por lo tanto, se puede hacer m\u00e1s con menos recursos\u201d.<\/strong><\/p>\n<p>En el a\u00f1o 2015, el destino de Catalu\u00f1a que m\u00e1s creci\u00f3 tur\u00edsticamente fue la Val d\u2019Aran, siendo el destino elegido por <strong>m\u00e1s de 221.010 viajeros<\/strong> alojados en establecimientos hoteleros,<strong> un 4,75% m\u00e1s que en el a\u00f1o 2014<\/strong>, que gener\u00f3 m\u00e1s de <strong>660.000 pernoctaciones, un 8,78% m\u00e1s que en el a\u00f1o anterior.<\/strong><\/p>\n<p>El turismo extranjero ha representado en el a\u00f1o 2015 el 22% de la demanda de la Val d\u2019Aran, esta tendencia es el resultado del esfuerzo realizado por FTVA en la promoci\u00f3n del destino en el mercado extranjero.<\/p>\n<p>En cuanto al servicio de informaci\u00f3n y acogida del visitante, las oficinas de turismo atendieron a m\u00e1s de 57.000 turistas, el 89% de ellos en la oficina de turismo de Vielha. Sumando los otros puntos de informaci\u00f3n tur\u00edstica abiertos temporalmente, la cifra total de visitantes atendidos asciende a 68.590 presonas.<\/p>\n<p>Referente a la acci\u00f3n de marketing se asent\u00f3 en tres pilares: comercializaci\u00f3n, promoci\u00f3n y comunicaci\u00f3n. La inversi\u00f3n publicitaria en medios convencionales se redujo a favor de la presencia on-line, destacando importantes campa\u00f1as en agencias y redes sociales. Nuevas ediciones de material impreso; la participaci\u00f3n en acciones de promoci\u00f3n en colaboraci\u00f3n con la Agencia Catalana de Turismo, el Patronato de Turismo de Lleida y la plataforma Pirineus; la adhesi\u00f3n a la plataforma Catalunya Convention Bureau y a la Barcelona Film Commission; IDAPA; la asistencia a ferias, jornadas y viajes de receptivo; las diversas acciones de promoci\u00f3n al p\u00fablico final y la promoci\u00f3n del comercio y la formaci\u00f3n formaron parte de la las acciones llevadas a cabo a lo largo del a\u00f1o.<\/p>\n<p>El presupuesto destinado a turismo durante el 2015 fue de 700 mil euros.<\/p>\n<p>La Val d\u2019Aran ha acogido a equipos deportivos de \u00e9lite que han realizado su \u201cstage\u201d para preparar la temporada, adem\u00e1s, la Val d\u2019Aran, destaca por ofrecer un amplio abanico de actividades dirigidas al turismo familiar. El certificado Biosphere Destination, de manos de la UNESCO y de la Organizaci\u00f3n Mundial de Turismo, reconoce el trabajo que se realiza desde la Val d\u2019Aran en favor de una gesti\u00f3n responsable y sostenible del Turismo. De esta manera, se convierte en el primer destino de monta\u00f1a en obtenerlo.<\/p>\n<p>Las principales destinaciones de origen siguen siendo Catalu\u00f1a, Madrid, Pa\u00eds Vasco y Valencia. Los visitantes franceses son los principales visitantes extranjeros pero con un aumento considerable de turistas que provienen de Gran Breta\u00f1a, as\u00ed como de otros pa\u00edses como Israel o Rusia.<\/p>\n<p>&nbsp;<\/p>\n<p><a href=\"http:\/\/www.conselharan.org\/wp-content\/uploads\/2016\/04\/DSC_0002.jpg\"><img loading=\"lazy\" decoding=\"async\" class=\"aligncenter size-large wp-image-11396\" src=\"http:\/\/www.conselharan.org\/wp-content\/uploads\/2016\/04\/DSC_0002-1024x570.jpg\" alt=\"DSC_0002\" width=\"1024\" height=\"570\" srcset=\"https:\/\/www.conselharan.org\/wp-content\/uploads\/2016\/04\/DSC_0002-1024x570.jpg 1024w, https:\/\/www.conselharan.org\/wp-content\/uploads\/2016\/04\/DSC_0002-300x167.jpg 300w\" sizes=\"(max-width: 1024px) 100vw, 1024px\" \/><\/a><\/p>\n<p>&nbsp;<\/p>\n<p><strong>Plan estrat\u00e9gico 2016-2020<\/strong><\/p>\n<p>Tambi\u00e9n se ha presentado el Plan Estrat\u00e9gico 2016- 2020 donde el programa de Marketing es el que presenta m\u00e1s acciones consideradas con necesidad de continuaci\u00f3n, las m\u00e1s relevantes son las de promoci\u00f3n, desestacionalizaci\u00f3n e imagen de marca. Del programa de servicios en destino destacan las acciones de calidad y sostenibilidad, inteligencia tur\u00edstica y creaci\u00f3n de producto.<\/p>\n<p>La conselh\u00e8ra,<strong> Anna D\u00edaz<\/strong>, ha subrayado \u201c<strong>la marca Val d\u2019Aran es una marca de todos, se est\u00e1 potenciando, est\u00e1 funcionando y est\u00e1 muy bien vinculada y posicionada. Hemos dise\u00f1ado un plan de gesti\u00f3n \u00f3ptimo para poder sacar el m\u00e1ximo rendimiento y rentabilidad y poder verlo reflejado en el turismo de nuestro pa\u00eds, intentaremos mantener nuestros mercados e incrementar otros que empiezan a venir\u201d.<\/strong><\/p>\n<p>&nbsp;<\/p>\n<p>&nbsp;<\/p>\n<p>Vielha, 8 de abril de 2016<\/p>\n<p>&nbsp;<\/p>\n<p><em>Conselh Generau d&#8217;Aran: N\u00faria Sanjuan<\/em><\/p>\n ","protected":false},"excerpt":{"rendered":"<p>La Val d\u2019Aran ha sido el territorio de Catalu\u00f1a que m\u00e1s ha crecido tur\u00edsticamente durante el 2015 . Ha registrado un aumento del 4,75% en viajeros y de un 8,78% de pernoctaciones respecto al 2014. &nbsp; &nbsp; El patronato de turismo de la Val d\u2019Aran, Foment Torisme Val d\u2019Aran (FTVA), ha presentado la memoria sobre&#8230;<\/p>\n","protected":false},"author":2,"featured_media":11395,"comment_status":"closed","ping_status":"closed","sticky":false,"template":"","format":"standard","meta":{"footnotes":""},"categories":[52],"tags":[],"_links":{"self":[{"href":"https:\/\/www.conselharan.org\/es\/wp-json\/wp\/v2\/posts\/11403"}],"collection":[{"href":"https:\/\/www.conselharan.org\/es\/wp-json\/wp\/v2\/posts"}],"about":[{"href":"https:\/\/www.conselharan.org\/es\/wp-json\/wp\/v2\/types\/post"}],"author":[{"embeddable":true,"href":"https:\/\/www.conselharan.org\/es\/wp-json\/wp\/v2\/users\/2"}],"replies":[{"embeddable":true,"href":"https:\/\/www.conselharan.org\/es\/wp-json\/wp\/v2\/comments?post=11403"}],"version-history":[{"count":1,"href":"https:\/\/www.conselharan.org\/es\/wp-json\/wp\/v2\/posts\/11403\/revisions"}],"predecessor-version":[{"id":11404,"href":"https:\/\/www.conselharan.org\/es\/wp-json\/wp\/v2\/posts\/11403\/revisions\/11404"}],"wp:featuredmedia":[{"embeddable":true,"href":"https:\/\/www.conselharan.org\/es\/wp-json\/wp\/v2\/media\/11395"}],"wp:attachment":[{"href":"https:\/\/www.conselharan.org\/es\/wp-json\/wp\/v2\/media?parent=11403"}],"wp:term":[{"taxonomy":"category","embeddable":true,"href":"https:\/\/www.conselharan.org\/es\/wp-json\/wp\/v2\/categories?post=11403"},{"taxonomy":"post_tag","embeddable":true,"href":"https:\/\/www.conselharan.org\/es\/wp-json\/wp\/v2\/tags?post=11403"}],"curies":[{"name":"wp","href":"https:\/\/api.w.org\/{rel}","templated":true}]}}