{"id":11413,"date":"2016-04-11T12:03:21","date_gmt":"2016-04-11T10:03:21","guid":{"rendered":"http:\/\/www.conselharan.org\/es\/?p=11413"},"modified":"2016-04-11T12:04:57","modified_gmt":"2016-04-11T10:04:57","slug":"conferencia-los-colores-de-las-mariposas","status":"publish","type":"post","link":"https:\/\/www.conselharan.org\/es\/conferencia-los-colores-de-las-mariposas\/","title":{"rendered":"Conferencia \u201cLos colores de las mariposas\u201d"},"content":{"rendered":"<p>\u2022<strong> La conferencia ir\u00e1 a cargo de Joan Condal y ser\u00e1 el mi\u00e9rcoles, d\u00eda 13 de abril a las 17h00 en la Residencia San Antonio de Vielha.<\/strong><\/p>\n<p>&nbsp;<\/p>\n<p><a href=\"http:\/\/www.conselharan.org\/wp-content\/uploads\/2016\/04\/conferencia_parpalholes_16.jpg\"><img loading=\"lazy\" decoding=\"async\" class=\"aligncenter size-large wp-image-11408\" src=\"http:\/\/www.conselharan.org\/wp-content\/uploads\/2016\/04\/conferencia_parpalholes_16-768x1024.jpg\" alt=\"conferencia_parpalholes_16\" width=\"768\" height=\"1024\" srcset=\"https:\/\/www.conselharan.org\/wp-content\/uploads\/2016\/04\/conferencia_parpalholes_16-768x1024.jpg 768w, https:\/\/www.conselharan.org\/wp-content\/uploads\/2016\/04\/conferencia_parpalholes_16-225x300.jpg 225w\" sizes=\"(max-width: 768px) 100vw, 768px\" \/><\/a><\/p>\n<p>&nbsp;<\/p>\n<p>El Departamento de Agricultura, Ganader\u00eda y Medio Natural de Aran ha organizado la conferencia \u201c<strong>Los colores de las mariposas\u201d<\/strong> a cargo de <strong>Joan Condal<\/strong>. El acto tendr\u00e1 lugar este mi\u00e9rcoles, 13 de abril, a las 17:00 horas en el auditorio de la Residencia San Antonio de Vielha.<\/p>\n<p>Desde el a\u00f1o 1994 Joan Condal ofrece actividades culturales, exposiciones y conferencias, a entidades y ayuntamientos. Actualmente son ya m\u00e1s de trescientas las exposiciones hechas por los diferentes pueblos de Catalu\u00f1a. En este tiempo se ha acercado a peque\u00f1os y a grandes, con las experiencias vividas en los viajes de aventura y, con todos ellos, ha descubierto el mundo silencioso de las mariposas, las t\u00e9cnicas y secretos de los dioramas y el proceso creativo del mundo del artista.<\/p>\n<p>Aprovechando el paso de Joan Condal por las escuelas de la Val d\u2019Aran, se ofrece esta conferencia a todos los p\u00fablicos. La conferencia acerca a las personas el ciclo biol\u00f3gico de las mariposas desde su fase larvaria a la fase adulta, descubriendo aspectos curiosos de estos insectos. El porqu\u00e9 de estos colores. \u00bfQu\u00e9 son? \u00bfTienen los mismos colores machos y hembras? \u00bfLos colores son los mismos delante y detr\u00e1s de las alas?&#8230;.Todo esto explicado con una presentaci\u00f3n de diapositivas y cajas entomol\u00f3gicas.<\/p>\n<p>&nbsp;<\/p>\n<p>&nbsp;<\/p>\n<p>Vielha, 11 de abril de 2016<\/p>\n<p>&nbsp;<\/p>\n<p><em>Conselh Generau d&#8217;Aran: N\u00faria Sanjuan<\/em><\/p>\n ","protected":false},"excerpt":{"rendered":"<p>\u2022 La conferencia ir\u00e1 a cargo de Joan Condal y ser\u00e1 el mi\u00e9rcoles, d\u00eda 13 de abril a las 17h00 en la Residencia San Antonio de Vielha. &nbsp; &nbsp; El Departamento de Agricultura, Ganader\u00eda y Medio Natural de Aran ha organizado la conferencia \u201cLos colores de las mariposas\u201d a cargo de Joan Condal. El acto&#8230;<\/p>\n","protected":false},"author":2,"featured_media":11409,"comment_status":"closed","ping_status":"closed","sticky":false,"template":"","format":"standard","meta":{"footnotes":""},"categories":[34],"tags":[],"_links":{"self":[{"href":"https:\/\/www.conselharan.org\/es\/wp-json\/wp\/v2\/posts\/11413"}],"collection":[{"href":"https:\/\/www.conselharan.org\/es\/wp-json\/wp\/v2\/posts"}],"about":[{"href":"https:\/\/www.conselharan.org\/es\/wp-json\/wp\/v2\/types\/post"}],"author":[{"embeddable":true,"href":"https:\/\/www.conselharan.org\/es\/wp-json\/wp\/v2\/users\/2"}],"replies":[{"embeddable":true,"href":"https:\/\/www.conselharan.org\/es\/wp-json\/wp\/v2\/comments?post=11413"}],"version-history":[{"count":1,"href":"https:\/\/www.conselharan.org\/es\/wp-json\/wp\/v2\/posts\/11413\/revisions"}],"predecessor-version":[{"id":11414,"href":"https:\/\/www.conselharan.org\/es\/wp-json\/wp\/v2\/posts\/11413\/revisions\/11414"}],"wp:featuredmedia":[{"embeddable":true,"href":"https:\/\/www.conselharan.org\/es\/wp-json\/wp\/v2\/media\/11409"}],"wp:attachment":[{"href":"https:\/\/www.conselharan.org\/es\/wp-json\/wp\/v2\/media?parent=11413"}],"wp:term":[{"taxonomy":"category","embeddable":true,"href":"https:\/\/www.conselharan.org\/es\/wp-json\/wp\/v2\/categories?post=11413"},{"taxonomy":"post_tag","embeddable":true,"href":"https:\/\/www.conselharan.org\/es\/wp-json\/wp\/v2\/tags?post=11413"}],"curies":[{"name":"wp","href":"https:\/\/api.w.org\/{rel}","templated":true}]}}