{"id":11421,"date":"2016-04-11T12:42:22","date_gmt":"2016-04-11T10:42:22","guid":{"rendered":"http:\/\/www.conselharan.org\/es\/?p=11421"},"modified":"2016-04-11T12:45:04","modified_gmt":"2016-04-11T10:45:04","slug":"esplendido-concierto-de-la-orquesta-infantil-de-las-tierras-de-lleida-en-santa-maria-de-mijaran","status":"publish","type":"post","link":"https:\/\/www.conselharan.org\/es\/esplendido-concierto-de-la-orquesta-infantil-de-las-tierras-de-lleida-en-santa-maria-de-mijaran\/","title":{"rendered":"Espl\u00e9ndido concierto de la Orquesta Infantil de las Tierras de Lleida en Santa Maria de Mijaran"},"content":{"rendered":"<p>Vielha 11 de abril de 2016.- Ayer domingo al mediod\u00eda, la Orquesta Infantil de las Tierras de Lleida ofreci\u00f3 un concierto en la iglesia de Santa Mar\u00eda de Mijaran llena hasta los topes, para escuchar las interpretaciones musicales de estos j\u00f3venes m\u00fasicos, que adem\u00e1s contaron con la participaci\u00f3n de la Coral Margalida de Boss\u00f2st a la hora de interpretar Montanhes araneses, himno de la Val d&#8217;Aran.<\/p>\n<p>El concierto que fue todo un \u00e9xito, incluy\u00f3 interpretaciones a cargo de la orquesta sinf\u00f3nica, para continuar con bandas sonoras de pel\u00edculas interpretadas por la orquesta de acordeones, y finalizar todos juntos acompa\u00f1ados de la Coral Margalida, interpretando hasta en tres ocasiones diferentes versiones de Montanhes araneses.<\/p>\n<p>La Orquesta Infantil de las Tierras de Lleida, dirigida por <strong>Sonia Peir\u00f3<\/strong> y <strong>Albert Gum\u00ed<\/strong>, fue creada durante el curso escolar 2011\/2012 a partir de la estrecha colaboraci\u00f3n entre el Conservatorio Profesional de M\u00fasicos de Cervera y de la Escuela Municipal de M\u00fasica de Ponts, con la participaci\u00f3n tambi\u00e9n de las escuelas municipales de m\u00fasica de Bellpuig, Guissona, Oliana, Solsona, T\u00e0rrega, Agramunt y Mollerussa.<\/p>\n<p>Hasta el Valle de Aran, se desplazaron 98 j\u00f3venes m\u00fasicos integrantes de la Orquesta Infantil de las Tierras de Lleida.<\/p>\n<p><a href=\"http:\/\/www.conselharan.org\/wp-content\/uploads\/2016\/04\/13001270_1026670764084125_2278657702386338367_n.jpg\"><img loading=\"lazy\" decoding=\"async\" class=\"aligncenter size-full wp-image-11417\" src=\"http:\/\/www.conselharan.org\/wp-content\/uploads\/2016\/04\/13001270_1026670764084125_2278657702386338367_n.jpg\" alt=\"13001270_1026670764084125_2278657702386338367_n\" width=\"960\" height=\"720\" srcset=\"https:\/\/www.conselharan.org\/wp-content\/uploads\/2016\/04\/13001270_1026670764084125_2278657702386338367_n.jpg 960w, https:\/\/www.conselharan.org\/wp-content\/uploads\/2016\/04\/13001270_1026670764084125_2278657702386338367_n-300x225.jpg 300w\" sizes=\"(max-width: 960px) 100vw, 960px\" \/><\/a> <a href=\"http:\/\/www.conselharan.org\/wp-content\/uploads\/2016\/04\/12990924_1026670884084113_1696790857438877165_n.jpg\"><img loading=\"lazy\" decoding=\"async\" class=\"aligncenter size-full wp-image-11418\" src=\"http:\/\/www.conselharan.org\/wp-content\/uploads\/2016\/04\/12990924_1026670884084113_1696790857438877165_n.jpg\" alt=\"12990924_1026670884084113_1696790857438877165_n\" width=\"960\" height=\"720\" srcset=\"https:\/\/www.conselharan.org\/wp-content\/uploads\/2016\/04\/12990924_1026670884084113_1696790857438877165_n.jpg 960w, https:\/\/www.conselharan.org\/wp-content\/uploads\/2016\/04\/12990924_1026670884084113_1696790857438877165_n-300x225.jpg 300w\" sizes=\"(max-width: 960px) 100vw, 960px\" \/><\/a> <a href=\"http:\/\/www.conselharan.org\/wp-content\/uploads\/2016\/04\/12112514_1026670804084121_2585600136683171269_n.jpg\"><img loading=\"lazy\" decoding=\"async\" class=\"aligncenter size-full wp-image-11419\" src=\"http:\/\/www.conselharan.org\/wp-content\/uploads\/2016\/04\/12112514_1026670804084121_2585600136683171269_n.jpg\" alt=\"12112514_1026670804084121_2585600136683171269_n\" width=\"960\" height=\"720\" srcset=\"https:\/\/www.conselharan.org\/wp-content\/uploads\/2016\/04\/12112514_1026670804084121_2585600136683171269_n.jpg 960w, https:\/\/www.conselharan.org\/wp-content\/uploads\/2016\/04\/12112514_1026670804084121_2585600136683171269_n-300x225.jpg 300w\" sizes=\"(max-width: 960px) 100vw, 960px\" \/><\/a><\/p>\n ","protected":false},"excerpt":{"rendered":"<p>Vielha 11 de abril de 2016.- Ayer domingo al mediod\u00eda, la Orquesta Infantil de las Tierras de Lleida ofreci\u00f3 un concierto en la iglesia de Santa Mar\u00eda de Mijaran llena hasta los topes, para escuchar las interpretaciones musicales de estos j\u00f3venes m\u00fasicos, que adem\u00e1s contaron con la participaci\u00f3n de la Coral Margalida de Boss\u00f2st a&#8230;<\/p>\n","protected":false},"author":2,"featured_media":11417,"comment_status":"closed","ping_status":"closed","sticky":false,"template":"","format":"standard","meta":{"footnotes":""},"categories":[34],"tags":[],"_links":{"self":[{"href":"https:\/\/www.conselharan.org\/es\/wp-json\/wp\/v2\/posts\/11421"}],"collection":[{"href":"https:\/\/www.conselharan.org\/es\/wp-json\/wp\/v2\/posts"}],"about":[{"href":"https:\/\/www.conselharan.org\/es\/wp-json\/wp\/v2\/types\/post"}],"author":[{"embeddable":true,"href":"https:\/\/www.conselharan.org\/es\/wp-json\/wp\/v2\/users\/2"}],"replies":[{"embeddable":true,"href":"https:\/\/www.conselharan.org\/es\/wp-json\/wp\/v2\/comments?post=11421"}],"version-history":[{"count":2,"href":"https:\/\/www.conselharan.org\/es\/wp-json\/wp\/v2\/posts\/11421\/revisions"}],"predecessor-version":[{"id":11426,"href":"https:\/\/www.conselharan.org\/es\/wp-json\/wp\/v2\/posts\/11421\/revisions\/11426"}],"wp:featuredmedia":[{"embeddable":true,"href":"https:\/\/www.conselharan.org\/es\/wp-json\/wp\/v2\/media\/11417"}],"wp:attachment":[{"href":"https:\/\/www.conselharan.org\/es\/wp-json\/wp\/v2\/media?parent=11421"}],"wp:term":[{"taxonomy":"category","embeddable":true,"href":"https:\/\/www.conselharan.org\/es\/wp-json\/wp\/v2\/categories?post=11421"},{"taxonomy":"post_tag","embeddable":true,"href":"https:\/\/www.conselharan.org\/es\/wp-json\/wp\/v2\/tags?post=11421"}],"curies":[{"name":"wp","href":"https:\/\/api.w.org\/{rel}","templated":true}]}}