{"id":11441,"date":"2016-04-12T14:17:21","date_gmt":"2016-04-12T12:17:21","guid":{"rendered":"http:\/\/www.conselharan.org\/es\/?p=11441"},"modified":"2016-04-12T14:17:44","modified_gmt":"2016-04-12T12:17:44","slug":"presentacion-del-equipo-internacional-massi-kuwait-cycling-project-donde-compite-el-aranes-ruben-caseny","status":"publish","type":"post","link":"https:\/\/www.conselharan.org\/es\/presentacion-del-equipo-internacional-massi-kuwait-cycling-project-donde-compite-el-aranes-ruben-caseny\/","title":{"rendered":"Presentaci\u00f3n del equipo internacional MASSI- KUWAIT CYCLING PROJECT, donde compite el aran\u00e9s Ruben Caseny"},"content":{"rendered":"<p><strong>El Conselh Generau d\u2019Aran, Torisme Val d\u2019Aran y el Ayuntamiento de Naut Aran siguen apoyando y fomentando el deporte de \u00e9lite.<\/strong><\/p>\n<p><strong>El aran\u00e9s, Ruben Caseny, competir\u00e1 con el equipo internacional MASSI- KUWAIT CYCLING PROJECT.<\/strong><\/p>\n<p><a href=\"http:\/\/www.conselharan.org\/wp-content\/uploads\/2016\/04\/massi-kuwait-cycling-project.jpg\"><img loading=\"lazy\" decoding=\"async\" class=\"aligncenter size-large wp-image-11436\" src=\"http:\/\/www.conselharan.org\/wp-content\/uploads\/2016\/04\/massi-kuwait-cycling-project-1024x498.jpg\" alt=\"massi kuwait cycling project\" width=\"1024\" height=\"498\" srcset=\"https:\/\/www.conselharan.org\/wp-content\/uploads\/2016\/04\/massi-kuwait-cycling-project-1024x498.jpg 1024w, https:\/\/www.conselharan.org\/wp-content\/uploads\/2016\/04\/massi-kuwait-cycling-project-300x146.jpg 300w, https:\/\/www.conselharan.org\/wp-content\/uploads\/2016\/04\/massi-kuwait-cycling-project.jpg 1502w\" sizes=\"(max-width: 1024px) 100vw, 1024px\" \/><\/a><\/p>\n<p>&nbsp;<\/p>\n<p>Hoy se ha presentado en la sede de MASSI en Granollers el nuevo equipo<strong> MASSI- KUWAIT CYCLING PROJECT<\/strong>, equipo continental UCI (Uni\u00f3n Ciclista Internacional), en el cual compite el aran\u00e9s, Ruben Caseny. El acto ha contado con la presencia del vicesindic de Aran y conselh\u00e8r de Deportes, <strong>Luis Carlos Medina<\/strong> y de la conselh\u00e8ra de Turismo y Desarrollo Econ\u00f3mico de Aran, <strong>Anna D\u00edaz<\/strong>.<\/p>\n<p>Las instituciones aranesas (Conselh Generau d\u2019Aran, Torisme Val d\u2019Aran y Ayuntamiento de Naut Aran) junto a la marca catalana de bicicletas MASSI, han sido una pieza clave en la creaci\u00f3n de este equipo, por haber asesorado y apoyado a la \u201cFederaci\u00f3n de ciclismo de Kuwait\u201d en la creaci\u00f3n de este nuevo proyecto.<\/p>\n<p>El equipo tendr\u00e1 su sede en Kuwait, pa\u00eds que quiere invertir y apostar por el ciclismo con un proyecto a largo plazo, pero contar\u00e1 con un segundo bloque en Aran que garantizar\u00e1 la incorporaci\u00f3n al ciclismo profesional de corredores araneses y catalanes. Este equipo ya compiti\u00f3 en esta categor\u00eda el a\u00f1o pasado, pero este a\u00f1o se renueva y se ha reforzado con nuevos patrocinadores y corredores europeos que aportar\u00e1n su experiencia y conocimientos.<\/p>\n<p>&nbsp;<\/p>\n<p><a href=\"http:\/\/www.conselharan.org\/wp-content\/uploads\/2016\/04\/massi-kuwait-cycling-project2.jpg\"><img loading=\"lazy\" decoding=\"async\" class=\"aligncenter size-large wp-image-11437\" src=\"http:\/\/www.conselharan.org\/wp-content\/uploads\/2016\/04\/massi-kuwait-cycling-project2-1024x706.jpg\" alt=\"massi kuwait cycling project2\" width=\"1024\" height=\"706\" srcset=\"https:\/\/www.conselharan.org\/wp-content\/uploads\/2016\/04\/massi-kuwait-cycling-project2-1024x706.jpg 1024w, https:\/\/www.conselharan.org\/wp-content\/uploads\/2016\/04\/massi-kuwait-cycling-project2-300x207.jpg 300w, https:\/\/www.conselharan.org\/wp-content\/uploads\/2016\/04\/massi-kuwait-cycling-project2.jpg 1240w\" sizes=\"(max-width: 1024px) 100vw, 1024px\" \/><\/a><\/p>\n<p>&nbsp;<\/p>\n<p>El bloque europeo estar\u00e1 integrado, adem\u00e1s del aran\u00e9s <strong>Ruben Caseny<\/strong>, por el leridano <strong>Marc Vilanova<\/strong>, el alicantino <strong>Axel Costa<\/strong> y el alem\u00e1n <strong>Andreas Keuser<\/strong>, y otros europeos que competir\u00e1n principalmente en carreras de la pen\u00ednsula y Europa Occidental. El bloque con sede en Kuwait afrontar\u00e1 las competiciones del Golfo P\u00e9rsico, Asia y Europa del Este.<\/p>\n<p><strong>Ruben Caseny<\/strong>, firm\u00f3 un convenio con el Conselh Generau d\u2019Aran para promover el destino tur\u00edstico deportivo Val d\u2019Aran por el mundo, representado en la imagen y en los valores del ciclista. \u201c<strong>Quien mejor que nuestros j\u00f3venes deportistas profesionales araneses para representar nuestro pa\u00eds y el sentimiento de identidad\u201d<\/strong> manifest\u00f3 <strong>Carlos Barrera<\/strong>, sindic de Aran.<\/p>\n<p>&nbsp;<\/p>\n<p>&nbsp;<\/p>\n<p>Vielha, 12 de abril de 2016<\/p>\n<p>&nbsp;<\/p>\n<p><em>Conselh Generau d&#8217;Aran: N\u00faria Sanjuan<\/em><\/p>\n<p><em>Fuente: MASSI-KUWAIT CYCLING PROJECT<\/em><\/p>\n ","protected":false},"excerpt":{"rendered":"<p>El Conselh Generau d\u2019Aran, Torisme Val d\u2019Aran y el Ayuntamiento de Naut Aran siguen apoyando y fomentando el deporte de \u00e9lite. El aran\u00e9s, Ruben Caseny, competir\u00e1 con el equipo internacional MASSI- KUWAIT CYCLING PROJECT. &nbsp; Hoy se ha presentado en la sede de MASSI en Granollers el nuevo equipo MASSI- KUWAIT CYCLING PROJECT, equipo continental&#8230;<\/p>\n","protected":false},"author":2,"featured_media":11436,"comment_status":"closed","ping_status":"closed","sticky":false,"template":"","format":"standard","meta":{"footnotes":""},"categories":[34],"tags":[],"_links":{"self":[{"href":"https:\/\/www.conselharan.org\/es\/wp-json\/wp\/v2\/posts\/11441"}],"collection":[{"href":"https:\/\/www.conselharan.org\/es\/wp-json\/wp\/v2\/posts"}],"about":[{"href":"https:\/\/www.conselharan.org\/es\/wp-json\/wp\/v2\/types\/post"}],"author":[{"embeddable":true,"href":"https:\/\/www.conselharan.org\/es\/wp-json\/wp\/v2\/users\/2"}],"replies":[{"embeddable":true,"href":"https:\/\/www.conselharan.org\/es\/wp-json\/wp\/v2\/comments?post=11441"}],"version-history":[{"count":1,"href":"https:\/\/www.conselharan.org\/es\/wp-json\/wp\/v2\/posts\/11441\/revisions"}],"predecessor-version":[{"id":11442,"href":"https:\/\/www.conselharan.org\/es\/wp-json\/wp\/v2\/posts\/11441\/revisions\/11442"}],"wp:featuredmedia":[{"embeddable":true,"href":"https:\/\/www.conselharan.org\/es\/wp-json\/wp\/v2\/media\/11436"}],"wp:attachment":[{"href":"https:\/\/www.conselharan.org\/es\/wp-json\/wp\/v2\/media?parent=11441"}],"wp:term":[{"taxonomy":"category","embeddable":true,"href":"https:\/\/www.conselharan.org\/es\/wp-json\/wp\/v2\/categories?post=11441"},{"taxonomy":"post_tag","embeddable":true,"href":"https:\/\/www.conselharan.org\/es\/wp-json\/wp\/v2\/tags?post=11441"}],"curies":[{"name":"wp","href":"https:\/\/api.w.org\/{rel}","templated":true}]}}