{"id":11450,"date":"2016-04-13T13:52:21","date_gmt":"2016-04-13T11:52:21","guid":{"rendered":"http:\/\/www.conselharan.org\/es\/?p=11450"},"modified":"2016-04-13T13:52:21","modified_gmt":"2016-04-13T11:52:21","slug":"jueves-emprendedores-en-el-cei-valle-de-aran","status":"publish","type":"post","link":"https:\/\/www.conselharan.org\/es\/jueves-emprendedores-en-el-cei-valle-de-aran\/","title":{"rendered":"Jueves Emprendedores en el CEI Valle de Aran"},"content":{"rendered":"<p>Vielha, 13 de abril de 2016.- El <strong>Conselh Generau d\u2019Aran<\/strong> ofrecer\u00e1 a partir de este mes de abril en el CEI Val d\u2019Aran de Casau, una serie de seminarios de creaci\u00f3n de empresas innovadoras incluidos dentro de la programaci\u00f3n los <strong>\u00abJueves Emprendedores en la Red de Centros de Empresas Innovadoras\u00bb.<\/strong><\/p>\n<p>As\u00ed, el primero de los seminarios tendr\u00e1 lugar el pr\u00f3ximo <strong>jueves 21 de abril<\/strong>, a cargo de <strong>David Jorba<\/strong>, formador y motivador en inteligencia emocional y PNL (Programaci\u00f3n Neuro Ling\u00fc\u00edstica). El seminario se ofrecer\u00e1 en dos sesiones, a las 16h nivel inicial y a las 18:30h nivel avanzado, con el t\u00edtulo de <strong>\u00abCreatividad empresarial: una mejor optimizaci\u00f3n de recursos\u00bb.<\/strong><\/p>\n<p>Durante el mes de mayo, los Jueves Emprendedores en el CEI Val d\u2019Aran, ofrecer\u00e1n nuevas propuestas dirigidas a aportar conocimientos sobre la gesti\u00f3n de las finanzas o el incremento de ventas.<\/p>\n<p>Los seminarios, tienen lugar en el CEI Val d\u2019Aran, Plaza Naua, 1. 25538 Casau. Las inscripciones, que son gratuitas para todas las personas interesadas, se pueden formalizar a trav\u00e9s del correo: <a href=\"mailto:c.barra@aran.org\">c.barra@aran.org<\/a>\u00a0 o llamando al Conselh Generau d\u2019Aran telf. 973 641 801.<\/p>\n<p>Los Jueves Emprendedores est\u00e1n organizados por el <strong>Conselh Generau d\u2019Aran, CEI Val d\u2019Aran, Diputaci\u00f3n de Lleida, GlobaLleida, y Ayuntamiento de Lleida<\/strong>, con el apoyo del <strong>Departament d\u2019Empresa i Ocupaci\u00f3 de la Generalitat de Catalunya, Catalunya Empr\u00e8n y la Uni\u00f3n Europea <\/strong>a trav\u00e9s del <strong>Fondo Social Europeo<\/strong>.<\/p>\n<p><a href=\"http:\/\/www.conselharan.org\/wp-content\/uploads\/2016\/04\/dijousemprenedors_VIELHA.jpg\"><img loading=\"lazy\" decoding=\"async\" class=\"aligncenter size-large wp-image-11444\" src=\"http:\/\/www.conselharan.org\/wp-content\/uploads\/2016\/04\/dijousemprenedors_VIELHA-728x1024.jpg\" alt=\"dijousemprenedors_VIELHA\" width=\"728\" height=\"1024\" srcset=\"https:\/\/www.conselharan.org\/wp-content\/uploads\/2016\/04\/dijousemprenedors_VIELHA-728x1024.jpg 728w, https:\/\/www.conselharan.org\/wp-content\/uploads\/2016\/04\/dijousemprenedors_VIELHA-213x300.jpg 213w\" sizes=\"(max-width: 728px) 100vw, 728px\" \/><\/a><\/p>\n ","protected":false},"excerpt":{"rendered":"<p>Vielha, 13 de abril de 2016.- El Conselh Generau d\u2019Aran ofrecer\u00e1 a partir de este mes de abril en el CEI Val d\u2019Aran de Casau, una serie de seminarios de creaci\u00f3n de empresas innovadoras incluidos dentro de la programaci\u00f3n los \u00abJueves Emprendedores en la Red de Centros de Empresas Innovadoras\u00bb. As\u00ed, el primero de los&#8230;<\/p>\n","protected":false},"author":2,"featured_media":11447,"comment_status":"closed","ping_status":"closed","sticky":false,"template":"","format":"standard","meta":{"footnotes":""},"categories":[34],"tags":[],"_links":{"self":[{"href":"https:\/\/www.conselharan.org\/es\/wp-json\/wp\/v2\/posts\/11450"}],"collection":[{"href":"https:\/\/www.conselharan.org\/es\/wp-json\/wp\/v2\/posts"}],"about":[{"href":"https:\/\/www.conselharan.org\/es\/wp-json\/wp\/v2\/types\/post"}],"author":[{"embeddable":true,"href":"https:\/\/www.conselharan.org\/es\/wp-json\/wp\/v2\/users\/2"}],"replies":[{"embeddable":true,"href":"https:\/\/www.conselharan.org\/es\/wp-json\/wp\/v2\/comments?post=11450"}],"version-history":[{"count":1,"href":"https:\/\/www.conselharan.org\/es\/wp-json\/wp\/v2\/posts\/11450\/revisions"}],"predecessor-version":[{"id":11451,"href":"https:\/\/www.conselharan.org\/es\/wp-json\/wp\/v2\/posts\/11450\/revisions\/11451"}],"wp:featuredmedia":[{"embeddable":true,"href":"https:\/\/www.conselharan.org\/es\/wp-json\/wp\/v2\/media\/11447"}],"wp:attachment":[{"href":"https:\/\/www.conselharan.org\/es\/wp-json\/wp\/v2\/media?parent=11450"}],"wp:term":[{"taxonomy":"category","embeddable":true,"href":"https:\/\/www.conselharan.org\/es\/wp-json\/wp\/v2\/categories?post=11450"},{"taxonomy":"post_tag","embeddable":true,"href":"https:\/\/www.conselharan.org\/es\/wp-json\/wp\/v2\/tags?post=11450"}],"curies":[{"name":"wp","href":"https:\/\/api.w.org\/{rel}","templated":true}]}}