{"id":11460,"date":"2016-04-14T21:05:41","date_gmt":"2016-04-14T19:05:41","guid":{"rendered":"http:\/\/www.conselharan.org\/es\/?p=11460"},"modified":"2016-04-14T21:05:41","modified_gmt":"2016-04-14T19:05:41","slug":"el-sindic-daran-carlos-barrera-se-reune-con-el-president-de-la-generalitat-de-catalunya-carles-puigdemont","status":"publish","type":"post","link":"https:\/\/www.conselharan.org\/es\/el-sindic-daran-carlos-barrera-se-reune-con-el-president-de-la-generalitat-de-catalunya-carles-puigdemont\/","title":{"rendered":"El sindic d\u2019Aran Carlos Barrera se re\u00fane con el President de la Generalitat de Catalunya Carles Puigdemont"},"content":{"rendered":"<p><strong>El President de la Generalitat confirma su asistencia a la celebraci\u00f3n de la Fiesta de Aran de este a\u00f1o, con motivo del 25 aniversario de la restituci\u00f3n del Conselh Generau d\u2019Aran.<\/strong><\/p>\n<p>Barcelona, \u200b\u200b14 de abril de 2016.- El sindic d\u2019Aran <strong>Carlos Barrera<\/strong>, se reuni\u00f3 hoy con el President de la Generalitat, <strong>Carles Puigdemont<\/strong> en el Palau de la Generalitat.<\/p>\n<p>El sindic d\u2019Aran, explic\u00f3 que durante el encuentro con el President, han hablado sobre el hecho de que cuando el Parlament y el Gobierno de la Generalitat as\u00ed lo decidan, el Valle de Aran participar\u00e1 en el grupo de expertos que deber\u00e1 elaborar los contenidos de la nueva constituci\u00f3n catalana, a fin de buscar el encaje de la realidad y la personalidad del Aran, que es lo que <strong>seg\u00fan afirm\u00f3 el sindic d\u2019Aran Carlos Barrera<em>, \u00abnos dar\u00e1 al Valle de Aran el reconocimiento identitario y de Pa\u00eds\u00bb.<\/em><\/strong><\/p>\n<p><a href=\"http:\/\/www.conselharan.org\/wp-content\/uploads\/2016\/04\/Ruben-Moreno-00339.jpg\"><img loading=\"lazy\" decoding=\"async\" class=\"aligncenter size-large wp-image-11454\" src=\"http:\/\/www.conselharan.org\/wp-content\/uploads\/2016\/04\/Ruben-Moreno-00339-1024x683.jpg\" alt=\"Ruben Moreno 00339\" width=\"1024\" height=\"683\" srcset=\"https:\/\/www.conselharan.org\/wp-content\/uploads\/2016\/04\/Ruben-Moreno-00339-1024x683.jpg 1024w, https:\/\/www.conselharan.org\/wp-content\/uploads\/2016\/04\/Ruben-Moreno-00339-300x200.jpg 300w\" sizes=\"(max-width: 1024px) 100vw, 1024px\" \/><\/a><\/p>\n<p>Por otra parte, Barrera explic\u00f3 que se impulsar\u00e1 la Comisi\u00f3n bilateral entre el Gobierno de la Generalitat y el Conselh Generau d\u2019Aran, para hacer el seguimiento de las demandas del Gobierno de Aran como son el traspaso de competencias y las ampliaciones de financiaci\u00f3n de las mismas, y que con la aprobaci\u00f3n de los presupuestos de la Generalitat en el Parlament de Catalunya, tambi\u00e9n se ha de aprobar los presupuestos del Conselh Generau d\u2019Aran, tal como prev\u00e9 la Nueva Ley de Aran. Un presupuesto que para el ejercicio 2016 ser\u00e1n de 22.600.196,50\u20ac, aparte de la financiaci\u00f3n del fondo de cooperaci\u00f3n y de los diferentes convenios que se puedan establecer con los departamentos de la Generalitat de Catalunya, ya que esto es lo que ahora mismo el Conselh Generau d\u2019Aran tiene acordado por traspasos de competencias.<\/p>\n<p>El sindic Barrera, inform\u00f3 al President Puigdemont que tambi\u00e9n se deber\u00e1 negociar el pago por parte del Gobierno de la Generalitat de la deuda de 3&#8217;8 millones de euros que provoc\u00f3 la no actualizaci\u00f3n de la financiaci\u00f3n del Conselh Generau d\u2019Aran entre los a\u00f1os 2007 y 2011; y que en ese mismo periodo qued\u00f3 pendiente una inversi\u00f3n en infraestructuras de 2.169.335\u20ac que, en el momento en que las finanzas del Gobierno de la Generalitat lo permitan, ser\u00e1n recuperados para inversiones de este tipo en el Valle de Aran.<\/p>\n<p>Durante el encuentro, <strong>el sindic d\u2019Aran ha explicado al President que una de las prioridades del Gobierno de Aran, es la construcci\u00f3n de una nueva residencia geri\u00e1trica en la Val d&#8217;Aran<\/strong>, y que a fin de llevar adelante este proyecto, el Conselh Generau d\u2019Aran asumir\u00e1 la construcci\u00f3n, mientras que Puigdemont ha confirmado que el Gobierno de la Generalitat se har\u00e1 cargo de la financiaci\u00f3n de 20 plazas.<\/p>\n<p>En otro orden de cosas, el President de la Generalitat le ha confirmado al sindic Barrera, su asistencia a la celebraci\u00f3n de la Fiesta de Aran de este a\u00f1o, con motivo del <strong>25 aniversario de la restituci\u00f3n del Conselh Generau d\u2019Aran.<\/strong><\/p>\n<p><a href=\"http:\/\/www.conselharan.org\/wp-content\/uploads\/2016\/04\/Ruben-Moreno-00342.jpg\"><img loading=\"lazy\" decoding=\"async\" class=\"aligncenter size-large wp-image-11455\" src=\"http:\/\/www.conselharan.org\/wp-content\/uploads\/2016\/04\/Ruben-Moreno-00342-1024x683.jpg\" alt=\"Ruben Moreno 00342\" width=\"1024\" height=\"683\" srcset=\"https:\/\/www.conselharan.org\/wp-content\/uploads\/2016\/04\/Ruben-Moreno-00342-1024x683.jpg 1024w, https:\/\/www.conselharan.org\/wp-content\/uploads\/2016\/04\/Ruben-Moreno-00342-300x200.jpg 300w\" sizes=\"(max-width: 1024px) 100vw, 1024px\" \/><\/a> <a href=\"http:\/\/www.conselharan.org\/wp-content\/uploads\/2016\/04\/Ruben-Moreno-00343.jpg\"><img loading=\"lazy\" decoding=\"async\" class=\"aligncenter size-large wp-image-11456\" src=\"http:\/\/www.conselharan.org\/wp-content\/uploads\/2016\/04\/Ruben-Moreno-00343-1024x683.jpg\" alt=\"Ruben Moreno 00343\" width=\"1024\" height=\"683\" srcset=\"https:\/\/www.conselharan.org\/wp-content\/uploads\/2016\/04\/Ruben-Moreno-00343-1024x683.jpg 1024w, https:\/\/www.conselharan.org\/wp-content\/uploads\/2016\/04\/Ruben-Moreno-00343-300x200.jpg 300w\" sizes=\"(max-width: 1024px) 100vw, 1024px\" \/><\/a><\/p>\n ","protected":false},"excerpt":{"rendered":"<p>El President de la Generalitat confirma su asistencia a la celebraci\u00f3n de la Fiesta de Aran de este a\u00f1o, con motivo del 25 aniversario de la restituci\u00f3n del Conselh Generau d\u2019Aran. Barcelona, \u200b\u200b14 de abril de 2016.- El sindic d\u2019Aran Carlos Barrera, se reuni\u00f3 hoy con el President de la Generalitat, Carles Puigdemont en el&#8230;<\/p>\n","protected":false},"author":2,"featured_media":11454,"comment_status":"closed","ping_status":"closed","sticky":false,"template":"","format":"standard","meta":{"footnotes":""},"categories":[52,37],"tags":[],"_links":{"self":[{"href":"https:\/\/www.conselharan.org\/es\/wp-json\/wp\/v2\/posts\/11460"}],"collection":[{"href":"https:\/\/www.conselharan.org\/es\/wp-json\/wp\/v2\/posts"}],"about":[{"href":"https:\/\/www.conselharan.org\/es\/wp-json\/wp\/v2\/types\/post"}],"author":[{"embeddable":true,"href":"https:\/\/www.conselharan.org\/es\/wp-json\/wp\/v2\/users\/2"}],"replies":[{"embeddable":true,"href":"https:\/\/www.conselharan.org\/es\/wp-json\/wp\/v2\/comments?post=11460"}],"version-history":[{"count":1,"href":"https:\/\/www.conselharan.org\/es\/wp-json\/wp\/v2\/posts\/11460\/revisions"}],"predecessor-version":[{"id":11461,"href":"https:\/\/www.conselharan.org\/es\/wp-json\/wp\/v2\/posts\/11460\/revisions\/11461"}],"wp:featuredmedia":[{"embeddable":true,"href":"https:\/\/www.conselharan.org\/es\/wp-json\/wp\/v2\/media\/11454"}],"wp:attachment":[{"href":"https:\/\/www.conselharan.org\/es\/wp-json\/wp\/v2\/media?parent=11460"}],"wp:term":[{"taxonomy":"category","embeddable":true,"href":"https:\/\/www.conselharan.org\/es\/wp-json\/wp\/v2\/categories?post=11460"},{"taxonomy":"post_tag","embeddable":true,"href":"https:\/\/www.conselharan.org\/es\/wp-json\/wp\/v2\/tags?post=11460"}],"curies":[{"name":"wp","href":"https:\/\/api.w.org\/{rel}","templated":true}]}}