{"id":11479,"date":"2016-04-15T15:51:15","date_gmt":"2016-04-15T13:51:15","guid":{"rendered":"http:\/\/www.conselharan.org\/es\/?p=11479"},"modified":"2016-04-15T15:51:22","modified_gmt":"2016-04-15T13:51:22","slug":"el-govern-de-aran-invierte-casi-21-000e-en-el-parque-de-pompiers-de-les-para-reducir-el-consumo-energetico","status":"publish","type":"post","link":"https:\/\/www.conselharan.org\/es\/el-govern-de-aran-invierte-casi-21-000e-en-el-parque-de-pompiers-de-les-para-reducir-el-consumo-energetico\/","title":{"rendered":"El Gov\u00e8rn de Aran invierte casi 21.000\u20ac en el Parque de Pompi\u00e8rs de Les para reducir el consumo energ\u00e9tico"},"content":{"rendered":"<p><a href=\"http:\/\/www.conselharan.org\/wp-content\/uploads\/2016\/04\/DSC_0184.jpg\"><img loading=\"lazy\" decoding=\"async\" class=\"aligncenter size-large wp-image-11475\" src=\"http:\/\/www.conselharan.org\/wp-content\/uploads\/2016\/04\/DSC_0184-1024x687.jpg\" alt=\"DSC_0184\" width=\"1024\" height=\"687\" srcset=\"https:\/\/www.conselharan.org\/wp-content\/uploads\/2016\/04\/DSC_0184-1024x687.jpg 1024w, https:\/\/www.conselharan.org\/wp-content\/uploads\/2016\/04\/DSC_0184-300x201.jpg 300w\" sizes=\"(max-width: 1024px) 100vw, 1024px\" \/><\/a><\/p>\n<p><em>El t\u00e9cnico del Conselh Generau d&#8217;Aran, Xavier Casta\u00f1eda, con el industrial en el Parque de Pompi\u00e8rs de Les\u00a0<\/em><\/p>\n<p>&nbsp;<\/p>\n<p>El parque de Pompi\u00e8rs de Les tiene una ocupaci\u00f3n con planta de 245 m2 y una superficie construida de 424 m2 distribuidos con planta baja, primera planta y planta bajo cubierta utilizada como almac\u00e9n con un peque\u00f1o despacho.<\/p>\n<p>Se trata de un edificio construido el a\u00f1o 1890 dedicado a residencia religiosa, donde a mediados\/finales de los a\u00f1os 80 se reform\u00f3 pasando a dar servicio como Parque de Pompi\u00e8rs. Actualmente, el Parque es propiedad del Conselh Generau d\u2019Aran.<\/p>\n<p>En palabras del sindic de Aran, <strong>Carlos Barrera \u201ccon casi treinta a\u00f1os funcionando se han tenido que hacer por necesidad una serie de medidas de acondicionamiento para dar respuesta a una dr\u00e1stica reducci\u00f3n del consumo energ\u00e9tico\u201d.<\/strong><\/p>\n<p><strong>Barrera<\/strong> ha a\u00f1adido<strong> \u201cse ha mejorado un equipamiento destinado a la gesti\u00f3n y respuesta de las emergencias\u201d<\/strong>.<\/p>\n<p>El objeto de las obras necesarias para ganar bienestar bajando el consumo energ\u00e9tico han sido:<\/p>\n<p>&#8211; Cambio de carpinter\u00eda existente de aluminio simple a PVC con vidrio doble bajo emisivo y perfil con rotura de puente t\u00e9rmico.<\/p>\n<p><strong>El coste de las obras ha sido de 20.713,48 euros.<\/strong><\/p>\n<p>&nbsp;<\/p>\n<p>&nbsp;<\/p>\n<p>Vielha, 15 de abril de 2016<\/p>\n<p>&nbsp;<\/p>\n<p>&nbsp;<\/p>\n<p><em>Conselh Generau d&#8217;Aran: N\u00faria Sanjuan<\/em><\/p>\n ","protected":false},"excerpt":{"rendered":"<p>El t\u00e9cnico del Conselh Generau d&#8217;Aran, Xavier Casta\u00f1eda, con el industrial en el Parque de Pompi\u00e8rs de Les\u00a0 &nbsp; El parque de Pompi\u00e8rs de Les tiene una ocupaci\u00f3n con planta de 245 m2 y una superficie construida de 424 m2 distribuidos con planta baja, primera planta y planta bajo cubierta utilizada como almac\u00e9n con un&#8230;<\/p>\n","protected":false},"author":2,"featured_media":11475,"comment_status":"closed","ping_status":"closed","sticky":false,"template":"","format":"standard","meta":{"footnotes":""},"categories":[52],"tags":[],"_links":{"self":[{"href":"https:\/\/www.conselharan.org\/es\/wp-json\/wp\/v2\/posts\/11479"}],"collection":[{"href":"https:\/\/www.conselharan.org\/es\/wp-json\/wp\/v2\/posts"}],"about":[{"href":"https:\/\/www.conselharan.org\/es\/wp-json\/wp\/v2\/types\/post"}],"author":[{"embeddable":true,"href":"https:\/\/www.conselharan.org\/es\/wp-json\/wp\/v2\/users\/2"}],"replies":[{"embeddable":true,"href":"https:\/\/www.conselharan.org\/es\/wp-json\/wp\/v2\/comments?post=11479"}],"version-history":[{"count":1,"href":"https:\/\/www.conselharan.org\/es\/wp-json\/wp\/v2\/posts\/11479\/revisions"}],"predecessor-version":[{"id":11480,"href":"https:\/\/www.conselharan.org\/es\/wp-json\/wp\/v2\/posts\/11479\/revisions\/11480"}],"wp:featuredmedia":[{"embeddable":true,"href":"https:\/\/www.conselharan.org\/es\/wp-json\/wp\/v2\/media\/11475"}],"wp:attachment":[{"href":"https:\/\/www.conselharan.org\/es\/wp-json\/wp\/v2\/media?parent=11479"}],"wp:term":[{"taxonomy":"category","embeddable":true,"href":"https:\/\/www.conselharan.org\/es\/wp-json\/wp\/v2\/categories?post=11479"},{"taxonomy":"post_tag","embeddable":true,"href":"https:\/\/www.conselharan.org\/es\/wp-json\/wp\/v2\/tags?post=11479"}],"curies":[{"name":"wp","href":"https:\/\/api.w.org\/{rel}","templated":true}]}}