{"id":11497,"date":"2016-04-15T17:35:43","date_gmt":"2016-04-15T15:35:43","guid":{"rendered":"http:\/\/www.conselharan.org\/es\/?p=11497"},"modified":"2016-04-15T17:35:43","modified_gmt":"2016-04-15T15:35:43","slug":"la-val-daran-participa-en-la-25a-edicion-de-la-feria-btravel-en-barcelona","status":"publish","type":"post","link":"https:\/\/www.conselharan.org\/es\/la-val-daran-participa-en-la-25a-edicion-de-la-feria-btravel-en-barcelona\/","title":{"rendered":"La Val d\u2019Aran participa en la 25\u00aa edici\u00f3n de la feria BTravel en Barcelona"},"content":{"rendered":"<p>Vielha, 15 de abril de 2016 \u2013 La <strong>Val d\u2019Aran<\/strong> est\u00e1 presente a partir de hoy hasta el domingo 17 de abril en la feria <strong>BTravel<\/strong>, antiguo Sal\u00f3n Internacional de Turismo en Catalu\u00f1a, que se celebra en el recinto de Montju\u00efc de Fira de Barcelona.<\/p>\n<p>En \u00e9sta nueva edici\u00f3n participan cerca de 50 pa\u00edses de todo el mundo y cuenta con m\u00e1s de 200 expositores que presentan una amplia oferta tur\u00edstica dividida en 5 \u00e1mbitos; Propuestas en familia y escapadas wellness, culturales e hist\u00f3ricas, turismo de compras y lujo, deportivas, rurales y de aventura y como novedad en esta edici\u00f3n, propuestas gastron\u00f3micas y enol\u00f3gicas.<\/p>\n<p><a href=\"http:\/\/www.conselharan.org\/wp-content\/uploads\/2016\/04\/IMG_1444.jpg\"><img loading=\"lazy\" decoding=\"async\" class=\"aligncenter size-large wp-image-11492\" src=\"http:\/\/www.conselharan.org\/wp-content\/uploads\/2016\/04\/IMG_1444-1024x576.jpg\" alt=\"IMG_1444\" width=\"1024\" height=\"576\" srcset=\"https:\/\/www.conselharan.org\/wp-content\/uploads\/2016\/04\/IMG_1444-1024x576.jpg 1024w, https:\/\/www.conselharan.org\/wp-content\/uploads\/2016\/04\/IMG_1444-300x169.jpg 300w, https:\/\/www.conselharan.org\/wp-content\/uploads\/2016\/04\/IMG_1444.jpg 1328w\" sizes=\"(max-width: 1024px) 100vw, 1024px\" \/><\/a><\/p>\n<p>La participaci\u00f3n de Foment Torisme Val d\u2019Aran en BTravel est\u00e1 englobada en su estrategia de potenciaci\u00f3n del turismo de aventura, deportivo, rural, y familiar, con el objetivo de presentar y promocionar todas las ofertas tur\u00edsticas que atesora la Val d\u2019Aran.<\/p>\n<p>La conselh\u00e8ra de Turismo y desarrollo econ\u00f3mico del Conselh Generau d\u2019Aran, <strong>Anna D\u00edaz<\/strong>, ha se\u00f1alado que <em>\u201cDesde Foment Torisme Val d\u2019Aran nos hemos centrado en potenciar toda nuestra oferta fuera de la temporada invernal estando presentes en diversas ferias especializadas en el sector tur\u00edstico familiar, deportivo y de aventura\u201d.<\/em><\/p>\n<p>Por otro lado, La Val d\u2019Aran tambi\u00e9n asistir\u00e1 al \u201c<strong>Mercat d\u2019Escapades 2016<\/strong>\u201d, del 6 al 8 de mayo, organizado por la Agencia Catalana de Turisme, una feria especializada en vacaciones familiares, naturaleza, cultura y deportes. Seg\u00fan destaca D\u00edaz, <em>\u201cqueremos estar presentes ferias de este sector y aumentando la promoci\u00f3n al p\u00fablico catal\u00e1n que es de los m\u00e1s importantes que visita la Val d\u2019Aran\u201d.<\/em><\/p>\n<p><a href=\"http:\/\/www.conselharan.org\/wp-content\/uploads\/2016\/04\/IMG_1446.jpg\"><img loading=\"lazy\" decoding=\"async\" class=\"aligncenter size-large wp-image-11493\" src=\"http:\/\/www.conselharan.org\/wp-content\/uploads\/2016\/04\/IMG_1446-1024x576.jpg\" alt=\"IMG_1446\" width=\"1024\" height=\"576\" srcset=\"https:\/\/www.conselharan.org\/wp-content\/uploads\/2016\/04\/IMG_1446-1024x576.jpg 1024w, https:\/\/www.conselharan.org\/wp-content\/uploads\/2016\/04\/IMG_1446-300x169.jpg 300w, https:\/\/www.conselharan.org\/wp-content\/uploads\/2016\/04\/IMG_1446.jpg 1328w\" sizes=\"(max-width: 1024px) 100vw, 1024px\" \/><\/a><\/p>\n<p>&nbsp;<\/p>\n<p>&nbsp;<\/p>\n ","protected":false},"excerpt":{"rendered":"<p>Vielha, 15 de abril de 2016 \u2013 La Val d\u2019Aran est\u00e1 presente a partir de hoy hasta el domingo 17 de abril en la feria BTravel, antiguo Sal\u00f3n Internacional de Turismo en Catalu\u00f1a, que se celebra en el recinto de Montju\u00efc de Fira de Barcelona. En \u00e9sta nueva edici\u00f3n participan cerca de 50 pa\u00edses de&#8230;<\/p>\n","protected":false},"author":2,"featured_media":11493,"comment_status":"closed","ping_status":"closed","sticky":false,"template":"","format":"standard","meta":{"footnotes":""},"categories":[52],"tags":[],"_links":{"self":[{"href":"https:\/\/www.conselharan.org\/es\/wp-json\/wp\/v2\/posts\/11497"}],"collection":[{"href":"https:\/\/www.conselharan.org\/es\/wp-json\/wp\/v2\/posts"}],"about":[{"href":"https:\/\/www.conselharan.org\/es\/wp-json\/wp\/v2\/types\/post"}],"author":[{"embeddable":true,"href":"https:\/\/www.conselharan.org\/es\/wp-json\/wp\/v2\/users\/2"}],"replies":[{"embeddable":true,"href":"https:\/\/www.conselharan.org\/es\/wp-json\/wp\/v2\/comments?post=11497"}],"version-history":[{"count":1,"href":"https:\/\/www.conselharan.org\/es\/wp-json\/wp\/v2\/posts\/11497\/revisions"}],"predecessor-version":[{"id":11498,"href":"https:\/\/www.conselharan.org\/es\/wp-json\/wp\/v2\/posts\/11497\/revisions\/11498"}],"wp:featuredmedia":[{"embeddable":true,"href":"https:\/\/www.conselharan.org\/es\/wp-json\/wp\/v2\/media\/11493"}],"wp:attachment":[{"href":"https:\/\/www.conselharan.org\/es\/wp-json\/wp\/v2\/media?parent=11497"}],"wp:term":[{"taxonomy":"category","embeddable":true,"href":"https:\/\/www.conselharan.org\/es\/wp-json\/wp\/v2\/categories?post=11497"},{"taxonomy":"post_tag","embeddable":true,"href":"https:\/\/www.conselharan.org\/es\/wp-json\/wp\/v2\/tags?post=11497"}],"curies":[{"name":"wp","href":"https:\/\/api.w.org\/{rel}","templated":true}]}}