{"id":11509,"date":"2016-04-15T18:31:16","date_gmt":"2016-04-15T16:31:16","guid":{"rendered":"http:\/\/www.conselharan.org\/es\/?p=11509"},"modified":"2016-04-19T18:21:10","modified_gmt":"2016-04-19T16:21:10","slug":"el-gobierno-de-aran-propone-a-los-ayuntamientos-un-plan-para-la-limpieza-de-pistas-forestales-y-la-regeneracion-natural-de-los-bosques","status":"publish","type":"post","link":"https:\/\/www.conselharan.org\/es\/el-gobierno-de-aran-propone-a-los-ayuntamientos-un-plan-para-la-limpieza-de-pistas-forestales-y-la-regeneracion-natural-de-los-bosques\/","title":{"rendered":"El Gobierno de Aran propone a los ayuntamientos un Plan para la limpieza de pistas forestales y la regeneraci\u00f3n natural de los bosques"},"content":{"rendered":"<p>Vielha, 15 de abril de 2016.- El sindic d\u2019Aran <strong>Carlos Barrera<\/strong>, ha propuesto a los ayuntamientos de la Val d&#8217;Aran un convenio de colaboraci\u00f3n entre el <strong>Conselh Generau d\u2019Aran<\/strong> y los propios ayuntamientos para la limpieza de los m\u00e1rgenes de pistas forestales y la regeneraci\u00f3n natural de los bosques, con el objetivo de producir astilla para la producci\u00f3n de biomasa, para que el Conselh Generau d\u2019Aran como administraci\u00f3n forestal pueda realizar los trabajos de limpieza y regeneraci\u00f3n de los bosques propiedad de los ayuntamientos. En el Valle de Aran, hay cerca de 400 Kms de pistas forestales, de los cuales 164 kms pasan por masas arboladas de las monta\u00f1as.<\/p>\n<p><a href=\"http:\/\/www.conselharan.org\/wp-content\/uploads\/2016\/04\/IMG_1397-002.jpg\"><img loading=\"lazy\" decoding=\"async\" class=\"aligncenter size-large wp-image-11503\" src=\"http:\/\/www.conselharan.org\/wp-content\/uploads\/2016\/04\/IMG_1397-002-1024x768.jpg\" alt=\"IMG_1397-002\" width=\"1024\" height=\"768\" srcset=\"https:\/\/www.conselharan.org\/wp-content\/uploads\/2016\/04\/IMG_1397-002-1024x768.jpg 1024w, https:\/\/www.conselharan.org\/wp-content\/uploads\/2016\/04\/IMG_1397-002-300x225.jpg 300w\" sizes=\"(max-width: 1024px) 100vw, 1024px\" \/><\/a><\/p>\n<p>El sindic d\u2019Aran <strong>Carlos Barrera<\/strong>, explic\u00f3 que <strong><em>\u00abhoy en d\u00eda, el elevado coste econ\u00f3mico de la extracci\u00f3n de la madera en \u00e1reas de alta monta\u00f1a, hace que esta actividad se haya convertido en testimonial. En la Val d&#8217;Aran, se acumulan cada a\u00f1o m\u00e1s de 20.000 m\u1d4c de madera, de los que se extraen menos de 3.000 m\u1d4c. La extracci\u00f3n de madera no maderable y la posibilidad de convertirla en biomasa (astilla y pellet), servir\u00eda para aminorar los costes de la extracci\u00f3n y de la limpieza de los caminos forestales y los bosques\u00bb.<\/em><\/strong><\/p>\n<p>Con esta iniciativa, el Gobierno de Aran tambi\u00e9n se compromete a la instalaci\u00f3n de calderas de biomasa para que la m\u00e1xima cantidad posible de biomasa producida en el Valle de Aran, sea tambi\u00e9n consumida, y a la vez intentar fomentar que empresas del Valle de Aran se puedan dedicar en un futuro a la producci\u00f3n de biomasa.<\/p>\n<p>Con la limpieza forestal, se evita adem\u00e1s el envejecimiento de los bosques y que los \u00e1rboles tengan buena salud.<\/p>\n<p>Los ayuntamientos de la Val d&#8217;Aran, ser\u00e1n los encargados de comunicar al Conselh Generau d\u2019Aran las zonas a limpiar.<\/p>\n<p><a href=\"http:\/\/www.conselharan.org\/wp-content\/uploads\/2016\/04\/IMG_1401-001.jpg\"><img loading=\"lazy\" decoding=\"async\" class=\"aligncenter size-large wp-image-11504\" src=\"http:\/\/www.conselharan.org\/wp-content\/uploads\/2016\/04\/IMG_1401-001-1024x768.jpg\" alt=\"IMG_1401-001\" width=\"1024\" height=\"768\" srcset=\"https:\/\/www.conselharan.org\/wp-content\/uploads\/2016\/04\/IMG_1401-001-1024x768.jpg 1024w, https:\/\/www.conselharan.org\/wp-content\/uploads\/2016\/04\/IMG_1401-001-300x225.jpg 300w\" sizes=\"(max-width: 1024px) 100vw, 1024px\" \/><\/a><\/p>\n ","protected":false},"excerpt":{"rendered":"<p>Vielha, 15 de abril de 2016.- El sindic d\u2019Aran Carlos Barrera, ha propuesto a los ayuntamientos de la Val d&#8217;Aran un convenio de colaboraci\u00f3n entre el Conselh Generau d\u2019Aran y los propios ayuntamientos para la limpieza de los m\u00e1rgenes de pistas forestales y la regeneraci\u00f3n natural de los bosques, con el objetivo de producir astilla&#8230;<\/p>\n","protected":false},"author":2,"featured_media":11503,"comment_status":"closed","ping_status":"closed","sticky":false,"template":"","format":"standard","meta":{"footnotes":""},"categories":[52],"tags":[],"_links":{"self":[{"href":"https:\/\/www.conselharan.org\/es\/wp-json\/wp\/v2\/posts\/11509"}],"collection":[{"href":"https:\/\/www.conselharan.org\/es\/wp-json\/wp\/v2\/posts"}],"about":[{"href":"https:\/\/www.conselharan.org\/es\/wp-json\/wp\/v2\/types\/post"}],"author":[{"embeddable":true,"href":"https:\/\/www.conselharan.org\/es\/wp-json\/wp\/v2\/users\/2"}],"replies":[{"embeddable":true,"href":"https:\/\/www.conselharan.org\/es\/wp-json\/wp\/v2\/comments?post=11509"}],"version-history":[{"count":3,"href":"https:\/\/www.conselharan.org\/es\/wp-json\/wp\/v2\/posts\/11509\/revisions"}],"predecessor-version":[{"id":11547,"href":"https:\/\/www.conselharan.org\/es\/wp-json\/wp\/v2\/posts\/11509\/revisions\/11547"}],"wp:featuredmedia":[{"embeddable":true,"href":"https:\/\/www.conselharan.org\/es\/wp-json\/wp\/v2\/media\/11503"}],"wp:attachment":[{"href":"https:\/\/www.conselharan.org\/es\/wp-json\/wp\/v2\/media?parent=11509"}],"wp:term":[{"taxonomy":"category","embeddable":true,"href":"https:\/\/www.conselharan.org\/es\/wp-json\/wp\/v2\/categories?post=11509"},{"taxonomy":"post_tag","embeddable":true,"href":"https:\/\/www.conselharan.org\/es\/wp-json\/wp\/v2\/tags?post=11509"}],"curies":[{"name":"wp","href":"https:\/\/api.w.org\/{rel}","templated":true}]}}