{"id":11541,"date":"2016-04-18T12:39:05","date_gmt":"2016-04-18T10:39:05","guid":{"rendered":"http:\/\/www.conselharan.org\/es\/?p=11541"},"modified":"2016-04-18T12:39:05","modified_gmt":"2016-04-18T10:39:05","slug":"9-podios-del-cegva-en-la-viii-copa-canillo-cim-dandorra","status":"publish","type":"post","link":"https:\/\/www.conselharan.org\/es\/9-podios-del-cegva-en-la-viii-copa-canillo-cim-dandorra\/","title":{"rendered":"9 podios del CEGVA en la VIII Copa Canillo- Cim d\u2019Andorra"},"content":{"rendered":"<p>Este pasado fin de semana, 16 y 17 de abril, se llev\u00f3 a cabo la <em>VIII Copa Canillo- Cim d\u2019Andorra<\/em> de patinaje sobre hielo donde 14 patinadores del<strong> Club Deportes Hielo Val d\u2019Aran (CEGVA)<\/strong> se desplazaron, obteniendo 9 podios en las diferentes categor\u00edas (2 medallas de oro, 5 de plata y 2 de bronce).<\/p>\n<p>&nbsp;<\/p>\n<p><a href=\"http:\/\/www.conselharan.org\/wp-content\/uploads\/2016\/04\/GROP-CEGVA1.jpg\"><img loading=\"lazy\" decoding=\"async\" class=\"aligncenter size-full wp-image-11529\" src=\"http:\/\/www.conselharan.org\/wp-content\/uploads\/2016\/04\/GROP-CEGVA1.jpg\" alt=\"GROP CEGVA1\" width=\"897\" height=\"673\" srcset=\"https:\/\/www.conselharan.org\/wp-content\/uploads\/2016\/04\/GROP-CEGVA1.jpg 897w, https:\/\/www.conselharan.org\/wp-content\/uploads\/2016\/04\/GROP-CEGVA1-300x225.jpg 300w\" sizes=\"(max-width: 897px) 100vw, 897px\" \/><\/a><\/p>\n<p>&nbsp;<\/p>\n<p>El s\u00e1bado compitieron las categor\u00edas Auton\u00f3micas A y B:<\/p>\n<p><strong>Auton\u00f3micas A<\/strong><\/p>\n<p>&nbsp;<\/p>\n<p><a href=\"http:\/\/www.conselharan.org\/wp-content\/uploads\/2016\/04\/ares-e-claudia-capdevila.jpg\"><img loading=\"lazy\" decoding=\"async\" class=\"aligncenter size-full wp-image-11530\" src=\"http:\/\/www.conselharan.org\/wp-content\/uploads\/2016\/04\/ares-e-claudia-capdevila.jpg\" alt=\"ares e claudia capdevila\" width=\"628\" height=\"662\" srcset=\"https:\/\/www.conselharan.org\/wp-content\/uploads\/2016\/04\/ares-e-claudia-capdevila.jpg 628w, https:\/\/www.conselharan.org\/wp-content\/uploads\/2016\/04\/ares-e-claudia-capdevila-285x300.jpg 285w\" sizes=\"(max-width: 628px) 100vw, 628px\" \/><\/a><\/p>\n<p>&nbsp;<\/p>\n<p><strong>Infantil- A<\/strong><\/p>\n<p>&#8211; 1\u00aa Ares Capdevila<br \/>\n&#8211; 2\u00aa Claudia Capdevila<\/p>\n<p>&nbsp;<\/p>\n<p><a href=\"http:\/\/www.conselharan.org\/wp-content\/uploads\/2016\/04\/irene-aris.jpg\"><img loading=\"lazy\" decoding=\"async\" class=\"aligncenter size-full wp-image-11531\" src=\"http:\/\/www.conselharan.org\/wp-content\/uploads\/2016\/04\/irene-aris.jpg\" alt=\"irene aris\" width=\"615\" height=\"682\" srcset=\"https:\/\/www.conselharan.org\/wp-content\/uploads\/2016\/04\/irene-aris.jpg 615w, https:\/\/www.conselharan.org\/wp-content\/uploads\/2016\/04\/irene-aris-271x300.jpg 271w\" sizes=\"(max-width: 615px) 100vw, 615px\" \/><\/a><\/p>\n<p>&nbsp;<\/p>\n<p><strong>Debs- A<\/strong><\/p>\n<p>&#8211; 3\u00aa Irene Ar\u00eds<br \/>\n&#8211; 4\u00aa Naia Espa\u00f1a<\/p>\n<p>&nbsp;<\/p>\n<p><strong>Auton\u00f3micas B<\/strong><\/p>\n<p>&nbsp;<\/p>\n<p><a href=\"http:\/\/www.conselharan.org\/wp-content\/uploads\/2016\/04\/mart\u00ed-alonso.jpg\"><img loading=\"lazy\" decoding=\"async\" class=\"aligncenter size-full wp-image-11532\" src=\"http:\/\/www.conselharan.org\/wp-content\/uploads\/2016\/04\/mart\u00ed-alonso.jpg\" alt=\"mart\u00ed alonso\" width=\"636\" height=\"822\" srcset=\"https:\/\/www.conselharan.org\/wp-content\/uploads\/2016\/04\/mart\u00ed-alonso.jpg 636w, https:\/\/www.conselharan.org\/wp-content\/uploads\/2016\/04\/mart\u00ed-alonso-232x300.jpg 232w\" sizes=\"(max-width: 636px) 100vw, 636px\" \/><\/a><\/p>\n<p>&nbsp;<\/p>\n<p><strong>Alev\u00edn<\/strong><\/p>\n<p>&#8211; 2\u00aa Mart\u00ed Alonso ( cat. masculin)<br \/>\n&#8211; 4\u00aa Anne Ripa<br \/>\n&#8211; 5\u00aa Julia Feixa<br \/>\n&#8211; 8\u00aa Abril Pastor<\/p>\n<p>&nbsp;<\/p>\n<p><a href=\"http:\/\/www.conselharan.org\/wp-content\/uploads\/2016\/04\/telmo-ripa.jpg\"><img loading=\"lazy\" decoding=\"async\" class=\"aligncenter size-full wp-image-11533\" src=\"http:\/\/www.conselharan.org\/wp-content\/uploads\/2016\/04\/telmo-ripa.jpg\" alt=\"telmo ripa\" width=\"645\" height=\"587\" srcset=\"https:\/\/www.conselharan.org\/wp-content\/uploads\/2016\/04\/telmo-ripa.jpg 645w, https:\/\/www.conselharan.org\/wp-content\/uploads\/2016\/04\/telmo-ripa-300x273.jpg 300w\" sizes=\"(max-width: 645px) 100vw, 645px\" \/><\/a><\/p>\n<p>&nbsp;<\/p>\n<p><strong>Debutante<\/strong><\/p>\n<p>&#8211; 3\u00aa Telmo Ripa<\/p>\n<p>&nbsp;<\/p>\n<p><a href=\"http:\/\/www.conselharan.org\/wp-content\/uploads\/2016\/04\/dani-odriazola.jpg\"><img loading=\"lazy\" decoding=\"async\" class=\"aligncenter size-full wp-image-11534\" src=\"http:\/\/www.conselharan.org\/wp-content\/uploads\/2016\/04\/dani-odriazola.jpg\" alt=\"dani odriazola\" width=\"833\" height=\"637\" srcset=\"https:\/\/www.conselharan.org\/wp-content\/uploads\/2016\/04\/dani-odriazola.jpg 833w, https:\/\/www.conselharan.org\/wp-content\/uploads\/2016\/04\/dani-odriazola-300x229.jpg 300w\" sizes=\"(max-width: 833px) 100vw, 833px\" \/><\/a><\/p>\n<p>&nbsp;<\/p>\n<p><strong>Escuela<\/strong><\/p>\n<p>&#8211; 2\u00aa Dani Odriozola<\/p>\n<p>&nbsp;<\/p>\n<p>El domingo fueron las categor\u00edas Nacionales<\/p>\n<p>&nbsp;<\/p>\n<p><a href=\"http:\/\/www.conselharan.org\/wp-content\/uploads\/2016\/04\/aina-e-lucia.jpg\"><img loading=\"lazy\" decoding=\"async\" class=\"aligncenter size-full wp-image-11535\" src=\"http:\/\/www.conselharan.org\/wp-content\/uploads\/2016\/04\/aina-e-lucia.jpg\" alt=\"aina e lucia\" width=\"632\" height=\"720\" srcset=\"https:\/\/www.conselharan.org\/wp-content\/uploads\/2016\/04\/aina-e-lucia.jpg 632w, https:\/\/www.conselharan.org\/wp-content\/uploads\/2016\/04\/aina-e-lucia-263x300.jpg 263w\" sizes=\"(max-width: 632px) 100vw, 632px\" \/><\/a><\/p>\n<p>&nbsp;<\/p>\n<p><strong>Novice Basic<\/strong><\/p>\n<p>&#8211; 1\u00aa Aina Masip<br \/>\n&#8211; 2\u00aa Lucia S\u00e1nchez<\/p>\n<p>&nbsp;<\/p>\n<p><a href=\"http:\/\/www.conselharan.org\/wp-content\/uploads\/2016\/04\/sara-monteagudo.jpg\"><img loading=\"lazy\" decoding=\"async\" class=\"aligncenter size-full wp-image-11536\" src=\"http:\/\/www.conselharan.org\/wp-content\/uploads\/2016\/04\/sara-monteagudo.jpg\" alt=\"sara monteagudo\" width=\"904\" height=\"658\" srcset=\"https:\/\/www.conselharan.org\/wp-content\/uploads\/2016\/04\/sara-monteagudo.jpg 904w, https:\/\/www.conselharan.org\/wp-content\/uploads\/2016\/04\/sara-monteagudo-300x218.jpg 300w\" sizes=\"(max-width: 904px) 100vw, 904px\" \/><\/a><\/p>\n<p>&nbsp;<\/p>\n<p><strong>Debs<\/strong><\/p>\n<p>&#8211; 2\u00aa Sara Monteagudo<\/p>\n<p>&nbsp;<\/p>\n<p><a href=\"http:\/\/www.conselharan.org\/wp-content\/uploads\/2016\/04\/grop-CEGVA.jpg\"><img loading=\"lazy\" decoding=\"async\" class=\"aligncenter size-full wp-image-11539\" src=\"http:\/\/www.conselharan.org\/wp-content\/uploads\/2016\/04\/grop-CEGVA.jpg\" alt=\"grop CEGVA\" width=\"858\" height=\"639\" srcset=\"https:\/\/www.conselharan.org\/wp-content\/uploads\/2016\/04\/grop-CEGVA.jpg 858w, https:\/\/www.conselharan.org\/wp-content\/uploads\/2016\/04\/grop-CEGVA-300x223.jpg 300w\" sizes=\"(max-width: 858px) 100vw, 858px\" \/><\/a><\/p>\n<p>&nbsp;<\/p>\n<p>El <em>Cim d\u2019Andorra,<\/em> es la tercera prueba puntuable de la Liga Catalana de patinaje sobre hielo, organizada por la Federaci\u00f3n Andorrana Deportes de Hielo y por Andorra Club Gel.<\/p>\n<p>&nbsp;<\/p>\n<p>&nbsp;<\/p>\n<p>Vielha, 18 de abril de 2016<\/p>\n<p>&nbsp;<\/p>\n<p>&nbsp;<\/p>\n<p><em>Conselh Generau d&#8217;Aran: N\u00faria Sanjuan<\/em><\/p>\n<p><em>Fuente: CEGVA<\/em><\/p>\n ","protected":false},"excerpt":{"rendered":"<p>Este pasado fin de semana, 16 y 17 de abril, se llev\u00f3 a cabo la VIII Copa Canillo- Cim d\u2019Andorra de patinaje sobre hielo donde 14 patinadores del Club Deportes Hielo Val d\u2019Aran (CEGVA) se desplazaron, obteniendo 9 podios en las diferentes categor\u00edas (2 medallas de oro, 5 de plata y 2 de bronce). &nbsp;&#8230;<\/p>\n","protected":false},"author":2,"featured_media":11529,"comment_status":"closed","ping_status":"closed","sticky":false,"template":"","format":"standard","meta":{"footnotes":""},"categories":[34],"tags":[],"_links":{"self":[{"href":"https:\/\/www.conselharan.org\/es\/wp-json\/wp\/v2\/posts\/11541"}],"collection":[{"href":"https:\/\/www.conselharan.org\/es\/wp-json\/wp\/v2\/posts"}],"about":[{"href":"https:\/\/www.conselharan.org\/es\/wp-json\/wp\/v2\/types\/post"}],"author":[{"embeddable":true,"href":"https:\/\/www.conselharan.org\/es\/wp-json\/wp\/v2\/users\/2"}],"replies":[{"embeddable":true,"href":"https:\/\/www.conselharan.org\/es\/wp-json\/wp\/v2\/comments?post=11541"}],"version-history":[{"count":1,"href":"https:\/\/www.conselharan.org\/es\/wp-json\/wp\/v2\/posts\/11541\/revisions"}],"predecessor-version":[{"id":11542,"href":"https:\/\/www.conselharan.org\/es\/wp-json\/wp\/v2\/posts\/11541\/revisions\/11542"}],"wp:featuredmedia":[{"embeddable":true,"href":"https:\/\/www.conselharan.org\/es\/wp-json\/wp\/v2\/media\/11529"}],"wp:attachment":[{"href":"https:\/\/www.conselharan.org\/es\/wp-json\/wp\/v2\/media?parent=11541"}],"wp:term":[{"taxonomy":"category","embeddable":true,"href":"https:\/\/www.conselharan.org\/es\/wp-json\/wp\/v2\/categories?post=11541"},{"taxonomy":"post_tag","embeddable":true,"href":"https:\/\/www.conselharan.org\/es\/wp-json\/wp\/v2\/tags?post=11541"}],"curies":[{"name":"wp","href":"https:\/\/api.w.org\/{rel}","templated":true}]}}