{"id":11564,"date":"2016-04-20T16:28:41","date_gmt":"2016-04-20T14:28:41","guid":{"rendered":"http:\/\/www.conselharan.org\/es\/?p=11564"},"modified":"2016-04-20T16:30:11","modified_gmt":"2016-04-20T14:30:11","slug":"el-sindic-de-aran-solicita-una-reunion-con-el-jefe-de-la-demarcacion-de-carreteras-del-estado-en-catalunya-por-el-estudio-informativo-del-tramo-boca-norte-tunel-de-vielha-aubert","status":"publish","type":"post","link":"https:\/\/www.conselharan.org\/es\/el-sindic-de-aran-solicita-una-reunion-con-el-jefe-de-la-demarcacion-de-carreteras-del-estado-en-catalunya-por-el-estudio-informativo-del-tramo-boca-norte-tunel-de-vielha-aubert\/","title":{"rendered":"El sindic de Aran solicita una reuni\u00f3n con el jefe de la demarcaci\u00f3n de carreteras del Estado en Catalunya por el Estudio Informativo del tramo: Boca norte T\u00fanel de Vielha- Aub\u00e8rt"},"content":{"rendered":"<p><img loading=\"lazy\" decoding=\"async\" class=\"aligncenter size-large wp-image-11560\" src=\"http:\/\/www.conselharan.org\/wp-content\/uploads\/2016\/04\/sindic-dAran-1024x680.jpg\" alt=\"sindic d'Aran\" width=\"1024\" height=\"680\" srcset=\"https:\/\/www.conselharan.org\/wp-content\/uploads\/2016\/04\/sindic-dAran-1024x680.jpg 1024w, https:\/\/www.conselharan.org\/wp-content\/uploads\/2016\/04\/sindic-dAran-300x199.jpg 300w, https:\/\/www.conselharan.org\/wp-content\/uploads\/2016\/04\/sindic-dAran-768x510.jpg 768w\" sizes=\"(max-width: 1024px) 100vw, 1024px\" \/><\/p>\n<p>&nbsp;<\/p>\n<p>Despu\u00e9s de la reuni\u00f3n que mantuvo ayer, 19 de abril, el sindic de Aran, <strong>Carlos Barrera<\/strong>, con el Presidente de la Diputaci\u00f3n de Lleida, <strong>Joan Re\u00f1\u00e9<\/strong>, para analizar el contenido del manifiesto de las Diputaciones de Lleida y Huesca sobre el eje de la N-230: Lleida- Francia, por la Val d\u2019Aran, se trat\u00f3 de forma m\u00e1s particular la redacci\u00f3n del Estudio Informativo del tramo: Boca norte T\u00fanel de Vielha- Aub\u00e8rt.<\/p>\n<p>En este sentido surgieron dudas importantes que se deben aclarar con urgencia, es por eso el sindic de Aran ha pedido por escrito mantener una reuni\u00f3n con el jefe de la demarcaci\u00f3n de carreteras del Estado en Catalunya, <strong>Juan Jos\u00e9 Barios<\/strong>. En esta reuni\u00f3n, <strong>Carlos Barrera<\/strong>, sindic de Aran, <strong>pedir\u00e1 informaci\u00f3n sobre el avance de los trabajos de redacci\u00f3n del Estudio Informativo del tramo: Boca norte T\u00fanel de Vielha- Aub\u00e8rt para poder tener conocimiento del contenido de la propuesta en la que est\u00e1 trabajando el Ministerio y las afectaciones que se puedan derivar de las mismas.<\/strong><\/p>\n<p>Por otro lado, el sindic de Aran tambi\u00e9n pidi\u00f3 al Presidente de la Diputaci\u00f3n de Lleida que los servicios t\u00e9cnicos de la Diputaci\u00f3n asesoren al Conselh Generau d\u2019Aran a la hora de valorar t\u00e9cnica y paisaj\u00edsticamente la propuesta del Ministerio.<\/p>\n<p>&nbsp;<\/p>\n<p>&nbsp;<\/p>\n<p>Vielha, 20 de abril de 2016<\/p>\n<p>&nbsp;<\/p>\n<p><em>Conselh Generau d&#8217;Aran: N\u00faria Sanjuan<\/em><\/p>\n ","protected":false},"excerpt":{"rendered":"<p>&nbsp; Despu\u00e9s de la reuni\u00f3n que mantuvo ayer, 19 de abril, el sindic de Aran, Carlos Barrera, con el Presidente de la Diputaci\u00f3n de Lleida, Joan Re\u00f1\u00e9, para analizar el contenido del manifiesto de las Diputaciones de Lleida y Huesca sobre el eje de la N-230: Lleida- Francia, por la Val d\u2019Aran, se trat\u00f3 de&#8230;<\/p>\n","protected":false},"author":2,"featured_media":11560,"comment_status":"closed","ping_status":"closed","sticky":false,"template":"","format":"standard","meta":{"footnotes":""},"categories":[52],"tags":[],"_links":{"self":[{"href":"https:\/\/www.conselharan.org\/es\/wp-json\/wp\/v2\/posts\/11564"}],"collection":[{"href":"https:\/\/www.conselharan.org\/es\/wp-json\/wp\/v2\/posts"}],"about":[{"href":"https:\/\/www.conselharan.org\/es\/wp-json\/wp\/v2\/types\/post"}],"author":[{"embeddable":true,"href":"https:\/\/www.conselharan.org\/es\/wp-json\/wp\/v2\/users\/2"}],"replies":[{"embeddable":true,"href":"https:\/\/www.conselharan.org\/es\/wp-json\/wp\/v2\/comments?post=11564"}],"version-history":[{"count":1,"href":"https:\/\/www.conselharan.org\/es\/wp-json\/wp\/v2\/posts\/11564\/revisions"}],"predecessor-version":[{"id":11565,"href":"https:\/\/www.conselharan.org\/es\/wp-json\/wp\/v2\/posts\/11564\/revisions\/11565"}],"wp:featuredmedia":[{"embeddable":true,"href":"https:\/\/www.conselharan.org\/es\/wp-json\/wp\/v2\/media\/11560"}],"wp:attachment":[{"href":"https:\/\/www.conselharan.org\/es\/wp-json\/wp\/v2\/media?parent=11564"}],"wp:term":[{"taxonomy":"category","embeddable":true,"href":"https:\/\/www.conselharan.org\/es\/wp-json\/wp\/v2\/categories?post=11564"},{"taxonomy":"post_tag","embeddable":true,"href":"https:\/\/www.conselharan.org\/es\/wp-json\/wp\/v2\/tags?post=11564"}],"curies":[{"name":"wp","href":"https:\/\/api.w.org\/{rel}","templated":true}]}}