{"id":11589,"date":"2016-04-21T18:03:44","date_gmt":"2016-04-21T16:03:44","guid":{"rendered":"http:\/\/www.conselharan.org\/es\/?p=11589"},"modified":"2016-04-21T18:14:46","modified_gmt":"2016-04-21T16:14:46","slug":"finalizada-la-alerta-del-pla-transcat-por-el-escape-de-gas-propano-de-un-camion-en-vielha","status":"publish","type":"post","link":"https:\/\/www.conselharan.org\/es\/finalizada-la-alerta-del-pla-transcat-por-el-escape-de-gas-propano-de-un-camion-en-vielha\/","title":{"rendered":"Finalizada la alerta del Pla TRANSCAT por el escape de gas propano de un cami\u00f3n en Vielha"},"content":{"rendered":"<p>Finalizada la alerta del Pla TRANSCAT por el escape de gas propano de un cami\u00f3n cisterna, una vez terminada la quema controlada por parte de los bomberos del gas acumulado en la cisterna.\u00a0 La circulaci\u00f3n tambi\u00e9n se ha restablecido totalmente en la N-230 a su paso por Vielha e Mijaran, seg\u00fan ha informado el jefe del mando de los bomberos de la Generalitat desplazado en la zona del accidente.<\/p>\n<p><a href=\"http:\/\/www.conselharan.org\/wp-content\/uploads\/2016\/04\/IMG_1698-1.jpg\"><img loading=\"lazy\" decoding=\"async\" class=\"aligncenter size-large wp-image-11585\" src=\"http:\/\/www.conselharan.org\/wp-content\/uploads\/2016\/04\/IMG_1698-1-1024x768.jpg\" alt=\"IMG_1698\" width=\"1024\" height=\"768\" srcset=\"https:\/\/www.conselharan.org\/wp-content\/uploads\/2016\/04\/IMG_1698-1-1024x768.jpg 1024w, https:\/\/www.conselharan.org\/wp-content\/uploads\/2016\/04\/IMG_1698-1-300x225.jpg 300w, https:\/\/www.conselharan.org\/wp-content\/uploads\/2016\/04\/IMG_1698-1-768x576.jpg 768w, https:\/\/www.conselharan.org\/wp-content\/uploads\/2016\/04\/IMG_1698-1.jpg 1600w\" sizes=\"(max-width: 1024px) 100vw, 1024px\" \/><\/a> <a href=\"http:\/\/www.conselharan.org\/wp-content\/uploads\/2016\/04\/IMG_1684-1.jpg\"><img loading=\"lazy\" decoding=\"async\" class=\"aligncenter size-large wp-image-11584\" src=\"http:\/\/www.conselharan.org\/wp-content\/uploads\/2016\/04\/IMG_1684-1-1024x768.jpg\" alt=\"IMG_1684\" width=\"1024\" height=\"768\" srcset=\"https:\/\/www.conselharan.org\/wp-content\/uploads\/2016\/04\/IMG_1684-1-1024x768.jpg 1024w, https:\/\/www.conselharan.org\/wp-content\/uploads\/2016\/04\/IMG_1684-1-300x225.jpg 300w, https:\/\/www.conselharan.org\/wp-content\/uploads\/2016\/04\/IMG_1684-1-768x576.jpg 768w, https:\/\/www.conselharan.org\/wp-content\/uploads\/2016\/04\/IMG_1684-1.jpg 1600w\" sizes=\"(max-width: 1024px) 100vw, 1024px\" \/><\/a><\/p>\n ","protected":false},"excerpt":{"rendered":"<p>Finalizada la alerta del Pla TRANSCAT por el escape de gas propano de un cami\u00f3n cisterna, una vez terminada la quema controlada por parte de los bomberos del gas acumulado en la cisterna.\u00a0 La circulaci\u00f3n tambi\u00e9n se ha restablecido totalmente en la N-230 a su paso por Vielha e Mijaran, seg\u00fan ha informado el jefe&#8230;<\/p>\n","protected":false},"author":2,"featured_media":11584,"comment_status":"closed","ping_status":"closed","sticky":false,"template":"","format":"standard","meta":{"footnotes":""},"categories":[34],"tags":[],"_links":{"self":[{"href":"https:\/\/www.conselharan.org\/es\/wp-json\/wp\/v2\/posts\/11589"}],"collection":[{"href":"https:\/\/www.conselharan.org\/es\/wp-json\/wp\/v2\/posts"}],"about":[{"href":"https:\/\/www.conselharan.org\/es\/wp-json\/wp\/v2\/types\/post"}],"author":[{"embeddable":true,"href":"https:\/\/www.conselharan.org\/es\/wp-json\/wp\/v2\/users\/2"}],"replies":[{"embeddable":true,"href":"https:\/\/www.conselharan.org\/es\/wp-json\/wp\/v2\/comments?post=11589"}],"version-history":[{"count":1,"href":"https:\/\/www.conselharan.org\/es\/wp-json\/wp\/v2\/posts\/11589\/revisions"}],"predecessor-version":[{"id":11590,"href":"https:\/\/www.conselharan.org\/es\/wp-json\/wp\/v2\/posts\/11589\/revisions\/11590"}],"wp:featuredmedia":[{"embeddable":true,"href":"https:\/\/www.conselharan.org\/es\/wp-json\/wp\/v2\/media\/11584"}],"wp:attachment":[{"href":"https:\/\/www.conselharan.org\/es\/wp-json\/wp\/v2\/media?parent=11589"}],"wp:term":[{"taxonomy":"category","embeddable":true,"href":"https:\/\/www.conselharan.org\/es\/wp-json\/wp\/v2\/categories?post=11589"},{"taxonomy":"post_tag","embeddable":true,"href":"https:\/\/www.conselharan.org\/es\/wp-json\/wp\/v2\/tags?post=11589"}],"curies":[{"name":"wp","href":"https:\/\/api.w.org\/{rel}","templated":true}]}}