{"id":11597,"date":"2016-04-21T20:11:06","date_gmt":"2016-04-21T18:11:06","guid":{"rendered":"http:\/\/www.conselharan.org\/es\/?p=11597"},"modified":"2016-04-21T20:11:06","modified_gmt":"2016-04-21T18:11:06","slug":"valoracion-positiva-de-la-temporada-realizada-por-los-esquiadores-del-cetei","status":"publish","type":"post","link":"https:\/\/www.conselharan.org\/es\/valoracion-positiva-de-la-temporada-realizada-por-los-esquiadores-del-cetei\/","title":{"rendered":"Valoraci\u00f3n positiva de la temporada realizada por los esquiadores del CETEI"},"content":{"rendered":"<p>Vielha, 21 de abril de 2016.- <strong>Eduardo Puente<\/strong>, director desde esta temporada del <strong>Centro Especializado de Tecnificaci\u00f3n Deportiva de Deportes de Invierno de la Val d&#8217;Aran (CETEI)<\/strong>, hace una valoraci\u00f3n muy positiva de los resultados obtenidos por los j\u00f3venes deportistas de \u00e9lite que han pasado por el centro de tecnificaci\u00f3n aran\u00e9s esta temporada, tanto en cuanto a los resultados deportivos como acad\u00e9micos.<\/p>\n<p>El Centro de Tecnificaci\u00f3n Deportiva de Deportes de Invierno de la Val d&#8217;Aran est\u00e1 en funcionamiento desde el a\u00f1o 2012, y tras a\u00f1os de trabajos intensos por parte de las instituciones, los clubes y las entidades privadas, ha logrado un prestigio que lo sit\u00faa al m\u00e1s alto nivel en cuanto a centros de las mismas caracter\u00edsticas.<\/p>\n<p><a href=\"http:\/\/www.conselharan.org\/wp-content\/uploads\/2016\/04\/IMG_0410.jpg\"><img loading=\"lazy\" decoding=\"async\" class=\"aligncenter size-large wp-image-11592\" src=\"http:\/\/www.conselharan.org\/wp-content\/uploads\/2016\/04\/IMG_0410-1024x768.jpg\" alt=\"IMG_0410\" width=\"1024\" height=\"768\" srcset=\"https:\/\/www.conselharan.org\/wp-content\/uploads\/2016\/04\/IMG_0410.jpg 1024w, https:\/\/www.conselharan.org\/wp-content\/uploads\/2016\/04\/IMG_0410-300x225.jpg 300w, https:\/\/www.conselharan.org\/wp-content\/uploads\/2016\/04\/IMG_0410-768x576.jpg 768w\" sizes=\"(max-width: 1024px) 100vw, 1024px\" \/><\/a><\/p>\n<p>El Centro de Tecnificaci\u00f3n Deportiva de Deportes de Invierno de la Val d&#8217;Aran, vinculado a la <strong>Real Federaci\u00f3n Espa\u00f1ola de Deportes de Invierno (RFEDI)<\/strong> ya la <strong>Federaci\u00f3n Catalana de Deportes de Invierno (FCEH)<\/strong>, tiene por objetivo contribuir a la progresi\u00f3n de j\u00f3venes promesas y velar por su formaci\u00f3n integral. Los deportistas seleccionados reciben formaci\u00f3n t\u00e9cnica\/deportiva y acad\u00e9mica, adem\u00e1s de un seguimiento m\u00e9dico\/psicol\u00f3gico para garantizar un estado de salud adecuado para la pr\u00e1ctica deportiva y una salida profesional de futuro.<\/p>\n<p>El centro ha acogido esta temporada 64 deportistas, que han contado con un staff t\u00e9cnico integrado por 9 entrenadores, que han contribuido a que los esquiadores del CETEI hayan obtenido unos resultados muy por delante de deportistas de otros centros de tecnificaci\u00f3n del resto de Espa\u00f1a.<\/p>\n<p>En cuanto a la formaci\u00f3n acad\u00e9mica, el director Eduardo Puente ha querido destacar tambi\u00e9n el trabajo desarrollado por los 5 profesores del IES de Aran en el \u00e1mbito pedag\u00f3gico, que han marcado el alto grado de exigencia pedido a los deportistas, que tambi\u00e9n en este aspecto han obtenido buenos resultados. Todo ello acompa\u00f1ado de otros valores en la formaci\u00f3n integral personal de los j\u00f3venes, relacionados con su estancia en la residencia, el buen comportamiento, control de horarios y asistencia tanto sanitaria como a nivel psicol\u00f3gico y mental, aspecto este muy importante cuando se trata de deportistas de alto rendimiento.<\/p>\n<p>En cuanto a la pr\u00f3xima temporada, Puente ha remarcado que el objetivo sigue siendo que del <strong>Centro Especializado de Tecnificaci\u00f3n Deportiva de Deportes de Invierno de la Val d&#8217;Aran (CETEI)<\/strong>, salga el mayor n\u00famero posible de esquiadores para el equipo nacional, y seguir mejorando en el conocimiento de los circuitos internacionales, que va ligado con otra exigencia formativa como es la del conocimiento y la pr\u00e1ctica de idiomas, tanto por parte de los deportistas como de los entrenadores.<\/p>\n<p>&nbsp;<\/p>\n ","protected":false},"excerpt":{"rendered":"<p>Vielha, 21 de abril de 2016.- Eduardo Puente, director desde esta temporada del Centro Especializado de Tecnificaci\u00f3n Deportiva de Deportes de Invierno de la Val d&#8217;Aran (CETEI), hace una valoraci\u00f3n muy positiva de los resultados obtenidos por los j\u00f3venes deportistas de \u00e9lite que han pasado por el centro de tecnificaci\u00f3n aran\u00e9s esta temporada, tanto en&#8230;<\/p>\n","protected":false},"author":2,"featured_media":11592,"comment_status":"closed","ping_status":"closed","sticky":false,"template":"","format":"standard","meta":{"footnotes":""},"categories":[34],"tags":[],"_links":{"self":[{"href":"https:\/\/www.conselharan.org\/es\/wp-json\/wp\/v2\/posts\/11597"}],"collection":[{"href":"https:\/\/www.conselharan.org\/es\/wp-json\/wp\/v2\/posts"}],"about":[{"href":"https:\/\/www.conselharan.org\/es\/wp-json\/wp\/v2\/types\/post"}],"author":[{"embeddable":true,"href":"https:\/\/www.conselharan.org\/es\/wp-json\/wp\/v2\/users\/2"}],"replies":[{"embeddable":true,"href":"https:\/\/www.conselharan.org\/es\/wp-json\/wp\/v2\/comments?post=11597"}],"version-history":[{"count":1,"href":"https:\/\/www.conselharan.org\/es\/wp-json\/wp\/v2\/posts\/11597\/revisions"}],"predecessor-version":[{"id":11598,"href":"https:\/\/www.conselharan.org\/es\/wp-json\/wp\/v2\/posts\/11597\/revisions\/11598"}],"wp:featuredmedia":[{"embeddable":true,"href":"https:\/\/www.conselharan.org\/es\/wp-json\/wp\/v2\/media\/11592"}],"wp:attachment":[{"href":"https:\/\/www.conselharan.org\/es\/wp-json\/wp\/v2\/media?parent=11597"}],"wp:term":[{"taxonomy":"category","embeddable":true,"href":"https:\/\/www.conselharan.org\/es\/wp-json\/wp\/v2\/categories?post=11597"},{"taxonomy":"post_tag","embeddable":true,"href":"https:\/\/www.conselharan.org\/es\/wp-json\/wp\/v2\/tags?post=11597"}],"curies":[{"name":"wp","href":"https:\/\/api.w.org\/{rel}","templated":true}]}}