{"id":11606,"date":"2016-04-22T10:44:48","date_gmt":"2016-04-22T08:44:48","guid":{"rendered":"http:\/\/www.conselharan.org\/es\/?p=11606"},"modified":"2016-04-22T10:44:54","modified_gmt":"2016-04-22T08:44:54","slug":"el-aranes-ruben-caseny-en-la-prestigiosa-paris-mantes-en-yvelines","status":"publish","type":"post","link":"https:\/\/www.conselharan.org\/es\/el-aranes-ruben-caseny-en-la-prestigiosa-paris-mantes-en-yvelines\/","title":{"rendered":"El aran\u00e9s, Ruben Caseny, en la prestigiosa \u201cPar\u00eds Mantes en Yvelines\u201d"},"content":{"rendered":"<p><strong>\u2022 Ruben Caseny, competir\u00e1 con el equipo internacional MASSI-KUWAIT CYCLING PROJECT.<\/strong><\/p>\n<p>&nbsp;<\/p>\n<p><img loading=\"lazy\" decoding=\"async\" class=\"aligncenter size-large wp-image-11600\" src=\"http:\/\/www.conselharan.org\/wp-content\/uploads\/2016\/04\/Ruben-Caseny-massi-kuwait-cycling-project-1024x682.jpg\" alt=\"Ruben Caseny-massi kuwait cycling project\" width=\"1024\" height=\"682\" srcset=\"https:\/\/www.conselharan.org\/wp-content\/uploads\/2016\/04\/Ruben-Caseny-massi-kuwait-cycling-project.jpg 1024w, https:\/\/www.conselharan.org\/wp-content\/uploads\/2016\/04\/Ruben-Caseny-massi-kuwait-cycling-project-300x200.jpg 300w, https:\/\/www.conselharan.org\/wp-content\/uploads\/2016\/04\/Ruben-Caseny-massi-kuwait-cycling-project-768x512.jpg 768w\" sizes=\"(max-width: 1024px) 100vw, 1024px\" \/><\/p>\n<p>&nbsp;<\/p>\n<p>El equipo <strong>MASSI-KUWAIT CYCLING PROJECT<\/strong> viaja a Par\u00eds para participar en la prestigiosa \u201cPar\u00eds Mantes en Yvelines\u201d.<\/p>\n<p>Los corredores y staff est\u00e1n listos para una nueva participaci\u00f3n en suelo extranjero, esta vez en la Par\u00eds Mantes, competici\u00f3n que transcurre por los alrededores de Par\u00eds, con hasta 8 cotas, en un trazado de 174 kil\u00f3metros. La carrera, de categor\u00eda 1.2, reunir\u00e1 a los mejores equipos franceses, as\u00ed como conjuntos de B\u00e9lgica y Luxemburgo.<\/p>\n<p>La convocatoria para la carrera ser\u00e1:<\/p>\n<p>&#8211; DS: Josep Codinach<\/p>\n<p>Corredores:<\/p>\n<p>&#8211; Ruben Caseny<br \/>\n&#8211; Marc Vilanova<br \/>\n&#8211; Axel Costa<br \/>\n&#8211; Andreas Keuser<br \/>\n&#8211; Mehdi Tigrine<br \/>\n&#8211; Johnatan Sarmiento<\/p>\n<p>&nbsp;<\/p>\n<p><img loading=\"lazy\" decoding=\"async\" class=\"aligncenter size-large wp-image-11601\" src=\"http:\/\/www.conselharan.org\/wp-content\/uploads\/2016\/04\/Course-Paris-2016-petit-format-copie-702x1024.jpg\" alt=\"Course Paris 2016 petit format copie\" width=\"702\" height=\"1024\" srcset=\"https:\/\/www.conselharan.org\/wp-content\/uploads\/2016\/04\/Course-Paris-2016-petit-format-copie-702x1024.jpg 702w, https:\/\/www.conselharan.org\/wp-content\/uploads\/2016\/04\/Course-Paris-2016-petit-format-copie-206x300.jpg 206w, https:\/\/www.conselharan.org\/wp-content\/uploads\/2016\/04\/Course-Paris-2016-petit-format-copie-768x1120.jpg 768w, https:\/\/www.conselharan.org\/wp-content\/uploads\/2016\/04\/Course-Paris-2016-petit-format-copie.jpg 1417w\" sizes=\"(max-width: 702px) 100vw, 702px\" \/><\/p>\n<p>&nbsp;<\/p>\n<p><strong>Ruben Caseny<\/strong>, firm\u00f3 un convenio con el Conselh Generau d\u2019Aran para promover el destino tur\u00edstico deportivo Val d\u2019Aran por el mundo, representado en la imagen y en los valores del ciclista.<\/p>\n<p>&nbsp;<\/p>\n<p>&nbsp;<\/p>\n<p>Vielha, 22 de abril de 2016<\/p>\n<p>&nbsp;<\/p>\n<p><em>Conselh Generau d&#8217;Aran: N\u00faria Sanjuan<\/em><\/p>\n ","protected":false},"excerpt":{"rendered":"<p>\u2022 Ruben Caseny, competir\u00e1 con el equipo internacional MASSI-KUWAIT CYCLING PROJECT. &nbsp; &nbsp; El equipo MASSI-KUWAIT CYCLING PROJECT viaja a Par\u00eds para participar en la prestigiosa \u201cPar\u00eds Mantes en Yvelines\u201d. Los corredores y staff est\u00e1n listos para una nueva participaci\u00f3n en suelo extranjero, esta vez en la Par\u00eds Mantes, competici\u00f3n que transcurre por los alrededores&#8230;<\/p>\n","protected":false},"author":2,"featured_media":11600,"comment_status":"closed","ping_status":"closed","sticky":false,"template":"","format":"standard","meta":{"footnotes":""},"categories":[34],"tags":[],"_links":{"self":[{"href":"https:\/\/www.conselharan.org\/es\/wp-json\/wp\/v2\/posts\/11606"}],"collection":[{"href":"https:\/\/www.conselharan.org\/es\/wp-json\/wp\/v2\/posts"}],"about":[{"href":"https:\/\/www.conselharan.org\/es\/wp-json\/wp\/v2\/types\/post"}],"author":[{"embeddable":true,"href":"https:\/\/www.conselharan.org\/es\/wp-json\/wp\/v2\/users\/2"}],"replies":[{"embeddable":true,"href":"https:\/\/www.conselharan.org\/es\/wp-json\/wp\/v2\/comments?post=11606"}],"version-history":[{"count":1,"href":"https:\/\/www.conselharan.org\/es\/wp-json\/wp\/v2\/posts\/11606\/revisions"}],"predecessor-version":[{"id":11607,"href":"https:\/\/www.conselharan.org\/es\/wp-json\/wp\/v2\/posts\/11606\/revisions\/11607"}],"wp:featuredmedia":[{"embeddable":true,"href":"https:\/\/www.conselharan.org\/es\/wp-json\/wp\/v2\/media\/11600"}],"wp:attachment":[{"href":"https:\/\/www.conselharan.org\/es\/wp-json\/wp\/v2\/media?parent=11606"}],"wp:term":[{"taxonomy":"category","embeddable":true,"href":"https:\/\/www.conselharan.org\/es\/wp-json\/wp\/v2\/categories?post=11606"},{"taxonomy":"post_tag","embeddable":true,"href":"https:\/\/www.conselharan.org\/es\/wp-json\/wp\/v2\/tags?post=11606"}],"curies":[{"name":"wp","href":"https:\/\/api.w.org\/{rel}","templated":true}]}}