{"id":11740,"date":"2016-05-02T18:19:48","date_gmt":"2016-05-02T16:19:48","guid":{"rendered":"http:\/\/www.conselharan.org\/es\/?p=11740"},"modified":"2016-05-02T18:19:48","modified_gmt":"2016-05-02T16:19:48","slug":"el-curling-val-daran-subcampeon-de-la-1a-copa-de-espana","status":"publish","type":"post","link":"https:\/\/www.conselharan.org\/es\/el-curling-val-daran-subcampeon-de-la-1a-copa-de-espana\/","title":{"rendered":"El Curling Val d\u2019Aran, subcampe\u00f3n de la 1\u00aa Copa de Espa\u00f1a"},"content":{"rendered":"<p>Vielha, 2 de mayo de 2016.- El equipo del <strong>Club Curling Val d\u2019Aran<\/strong> integrado por <strong>H\u00e9ctor Manero, Adri\u00e1n Manero, Jes\u00fas Manero, Marc Bar\u00e9s y Sara Escobar<\/strong>, se ha proclamado Sub-Campe\u00f3n de la 1\u00aa Copa de Espa\u00f1a de curling, organizada por FEDH, que se ha disputado este fin de semana en el Palacio de Hielo de Jaca. La primera plaza fue para el equipo Madrid B52, aunque ambos equipos han ganado sus respectivos partidos, y han finalizado el campeonato con 8 puntos.<\/p>\n<p>El consejero de Deportes del Conselh Generau d\u2019Aran, <strong>Lu\u00eds Carlos Medina<\/strong>, ha querido felicitar a los integrantes del Club Curling Val d\u2019Aran por la plata obtenida y les ha animado a seguir manteniendo la dedicaci\u00f3n y esfuerzo en este deporte minoritario que tan buenos resultados aporta al deporte aran\u00e9s.<\/p>\n<p>&nbsp;<\/p>\n<p><a href=\"http:\/\/www.conselharan.org\/wp-content\/uploads\/2016\/05\/13103381_245529535835721_801269022650734860_n.jpg\"><img loading=\"lazy\" decoding=\"async\" class=\"aligncenter size-full wp-image-11735\" src=\"http:\/\/www.conselharan.org\/wp-content\/uploads\/2016\/05\/13103381_245529535835721_801269022650734860_n.jpg\" alt=\"13103381_245529535835721_801269022650734860_n\" width=\"960\" height=\"688\" srcset=\"https:\/\/www.conselharan.org\/wp-content\/uploads\/2016\/05\/13103381_245529535835721_801269022650734860_n.jpg 960w, https:\/\/www.conselharan.org\/wp-content\/uploads\/2016\/05\/13103381_245529535835721_801269022650734860_n-300x215.jpg 300w, https:\/\/www.conselharan.org\/wp-content\/uploads\/2016\/05\/13103381_245529535835721_801269022650734860_n-768x550.jpg 768w\" sizes=\"(max-width: 960px) 100vw, 960px\" \/><\/a> <a href=\"http:\/\/www.conselharan.org\/wp-content\/uploads\/2016\/05\/13096211_245530485835626_8072211152683359760_n.jpg\"><img loading=\"lazy\" decoding=\"async\" class=\"aligncenter size-full wp-image-11736\" src=\"http:\/\/www.conselharan.org\/wp-content\/uploads\/2016\/05\/13096211_245530485835626_8072211152683359760_n.jpg\" alt=\"13096211_245530485835626_8072211152683359760_n\" width=\"918\" height=\"900\" srcset=\"https:\/\/www.conselharan.org\/wp-content\/uploads\/2016\/05\/13096211_245530485835626_8072211152683359760_n.jpg 918w, https:\/\/www.conselharan.org\/wp-content\/uploads\/2016\/05\/13096211_245530485835626_8072211152683359760_n-300x294.jpg 300w, https:\/\/www.conselharan.org\/wp-content\/uploads\/2016\/05\/13096211_245530485835626_8072211152683359760_n-768x753.jpg 768w, https:\/\/www.conselharan.org\/wp-content\/uploads\/2016\/05\/13096211_245530485835626_8072211152683359760_n-75x75.jpg 75w\" sizes=\"(max-width: 918px) 100vw, 918px\" \/><\/a><\/p>\n ","protected":false},"excerpt":{"rendered":"<p>Vielha, 2 de mayo de 2016.- El equipo del Club Curling Val d\u2019Aran integrado por H\u00e9ctor Manero, Adri\u00e1n Manero, Jes\u00fas Manero, Marc Bar\u00e9s y Sara Escobar, se ha proclamado Sub-Campe\u00f3n de la 1\u00aa Copa de Espa\u00f1a de curling, organizada por FEDH, que se ha disputado este fin de semana en el Palacio de Hielo de&#8230;<\/p>\n","protected":false},"author":2,"featured_media":11736,"comment_status":"closed","ping_status":"closed","sticky":false,"template":"","format":"standard","meta":{"footnotes":""},"categories":[34],"tags":[],"_links":{"self":[{"href":"https:\/\/www.conselharan.org\/es\/wp-json\/wp\/v2\/posts\/11740"}],"collection":[{"href":"https:\/\/www.conselharan.org\/es\/wp-json\/wp\/v2\/posts"}],"about":[{"href":"https:\/\/www.conselharan.org\/es\/wp-json\/wp\/v2\/types\/post"}],"author":[{"embeddable":true,"href":"https:\/\/www.conselharan.org\/es\/wp-json\/wp\/v2\/users\/2"}],"replies":[{"embeddable":true,"href":"https:\/\/www.conselharan.org\/es\/wp-json\/wp\/v2\/comments?post=11740"}],"version-history":[{"count":1,"href":"https:\/\/www.conselharan.org\/es\/wp-json\/wp\/v2\/posts\/11740\/revisions"}],"predecessor-version":[{"id":11741,"href":"https:\/\/www.conselharan.org\/es\/wp-json\/wp\/v2\/posts\/11740\/revisions\/11741"}],"wp:featuredmedia":[{"embeddable":true,"href":"https:\/\/www.conselharan.org\/es\/wp-json\/wp\/v2\/media\/11736"}],"wp:attachment":[{"href":"https:\/\/www.conselharan.org\/es\/wp-json\/wp\/v2\/media?parent=11740"}],"wp:term":[{"taxonomy":"category","embeddable":true,"href":"https:\/\/www.conselharan.org\/es\/wp-json\/wp\/v2\/categories?post=11740"},{"taxonomy":"post_tag","embeddable":true,"href":"https:\/\/www.conselharan.org\/es\/wp-json\/wp\/v2\/tags?post=11740"}],"curies":[{"name":"wp","href":"https:\/\/api.w.org\/{rel}","templated":true}]}}