{"id":11749,"date":"2016-05-04T13:42:51","date_gmt":"2016-05-04T11:42:51","guid":{"rendered":"http:\/\/www.conselharan.org\/es\/?p=11749"},"modified":"2016-05-04T13:42:51","modified_gmt":"2016-05-04T11:42:51","slug":"pompiers-daran-participa-en-el-campeonato-de-catalunya-de-rescates-de-trafico","status":"publish","type":"post","link":"https:\/\/www.conselharan.org\/es\/pompiers-daran-participa-en-el-campeonato-de-catalunya-de-rescates-de-trafico\/","title":{"rendered":"Pompi\u00e8rs d\u2019Aran participa en el Campeonato de Catalunya de Rescates de Tr\u00e1fico"},"content":{"rendered":"<p>Vielha, 4 de mayo de 2016.- Un equipo de los Pompi\u00e8rs d\u2019Aran ha competido por tercer a\u00f1o consecutivo, en el <strong>Campeonato de Catalunya de Rescates de Tr\u00e1fico<\/strong> que se ha celebrado en el Instituto de Seguridad P\u00fablica de Catalunya, en Mollet del Vall\u00e8s.<\/p>\n<p>El equipo de Pompi\u00e8rs d\u2019Aran, integrado por\u00a0<strong>Alejandro Orna<\/strong>\u00a0(comandancia),\u00a0<strong>Mar\u00eda Vilches<\/strong>\u00a0(sanitaria),\u00a0<strong>Javier Cavero<\/strong>,\u00a0<strong>Jordi L\u00f3pez<\/strong>,\u00a0<strong>H\u00e9ctor Cardet<\/strong>\u00a0y\u00a0<strong>Manel Ense\u00f1at<\/strong>\u00a0(equipo t\u00e9cnico), ha tenido que ejecutar su trabajo a partir de la siguiente simulaci\u00f3n:<\/p>\n<p>Accidente de tr\u00e1fico, con dos veh\u00edculos implicados (maniobra compleja). Hay dos v\u00edctimas, una en el exterior de los veh\u00edculos con uno de sus miembros atrapado por una rueda y la otra, en el interior de un veh\u00edculo atrapado.<\/p>\n<p>El jefe del equipo debe decidir la mejor manera de abordar el accidente y el equipo t\u00e9cnico junto a la sanitaria realizar la acci\u00f3n en el menor tiempo posible. El tiempo m\u00e1ximo para el ejercicio era de 30 minutos.<\/p>\n<p>El campeonato de Catalunya de Rescates de Tr\u00e1fico, tiene una duraci\u00f3n de tres d\u00edas, desde el martes 3 de mayo hasta el jueves 6 de mayo, d\u00eda que se dar\u00e1n a conocer los resultados. El equipo de Pompi\u00e8rs d\u2019Aran realiz\u00f3 su intervenci\u00f3n ayer martes, deber\u00e1 esperar hasta ma\u00f1ana jueves para conocer los resultados y la clasificaci\u00f3n.<\/p>\n<p>Los dos mejores equipos clasificados en el campeonato de Catalunya, pasar\u00e1n a disputar el Campeonato Nacional que se realizar\u00e1 en Alcorc\u00f3n (Madrid).<\/p>\n<p>Fuente: Bombers.cat<\/p>\n<p><a href=\"http:\/\/www.conselharan.org\/wp-content\/uploads\/2016\/05\/Captura-de-pantalla-completa-04052016-130425.jpg\"><img loading=\"lazy\" decoding=\"async\" class=\"aligncenter size-full wp-image-11747\" src=\"http:\/\/www.conselharan.org\/wp-content\/uploads\/2016\/05\/Captura-de-pantalla-completa-04052016-130425.jpg\" alt=\"Captura de pantalla completa 04052016 130425\" width=\"727\" height=\"424\" srcset=\"https:\/\/www.conselharan.org\/wp-content\/uploads\/2016\/05\/Captura-de-pantalla-completa-04052016-130425.jpg 727w, https:\/\/www.conselharan.org\/wp-content\/uploads\/2016\/05\/Captura-de-pantalla-completa-04052016-130425-300x175.jpg 300w\" sizes=\"(max-width: 727px) 100vw, 727px\" \/><\/a><\/p>\n ","protected":false},"excerpt":{"rendered":"<p>Vielha, 4 de mayo de 2016.- Un equipo de los Pompi\u00e8rs d\u2019Aran ha competido por tercer a\u00f1o consecutivo, en el Campeonato de Catalunya de Rescates de Tr\u00e1fico que se ha celebrado en el Instituto de Seguridad P\u00fablica de Catalunya, en Mollet del Vall\u00e8s. El equipo de Pompi\u00e8rs d\u2019Aran, integrado por\u00a0Alejandro Orna\u00a0(comandancia),\u00a0Mar\u00eda Vilches\u00a0(sanitaria),\u00a0Javier Cavero,\u00a0Jordi L\u00f3pez,\u00a0H\u00e9ctor Cardet\u00a0y\u00a0Manel&#8230;<\/p>\n","protected":false},"author":2,"featured_media":11750,"comment_status":"closed","ping_status":"closed","sticky":false,"template":"","format":"standard","meta":{"footnotes":""},"categories":[52,37],"tags":[],"_links":{"self":[{"href":"https:\/\/www.conselharan.org\/es\/wp-json\/wp\/v2\/posts\/11749"}],"collection":[{"href":"https:\/\/www.conselharan.org\/es\/wp-json\/wp\/v2\/posts"}],"about":[{"href":"https:\/\/www.conselharan.org\/es\/wp-json\/wp\/v2\/types\/post"}],"author":[{"embeddable":true,"href":"https:\/\/www.conselharan.org\/es\/wp-json\/wp\/v2\/users\/2"}],"replies":[{"embeddable":true,"href":"https:\/\/www.conselharan.org\/es\/wp-json\/wp\/v2\/comments?post=11749"}],"version-history":[{"count":1,"href":"https:\/\/www.conselharan.org\/es\/wp-json\/wp\/v2\/posts\/11749\/revisions"}],"predecessor-version":[{"id":11751,"href":"https:\/\/www.conselharan.org\/es\/wp-json\/wp\/v2\/posts\/11749\/revisions\/11751"}],"wp:featuredmedia":[{"embeddable":true,"href":"https:\/\/www.conselharan.org\/es\/wp-json\/wp\/v2\/media\/11750"}],"wp:attachment":[{"href":"https:\/\/www.conselharan.org\/es\/wp-json\/wp\/v2\/media?parent=11749"}],"wp:term":[{"taxonomy":"category","embeddable":true,"href":"https:\/\/www.conselharan.org\/es\/wp-json\/wp\/v2\/categories?post=11749"},{"taxonomy":"post_tag","embeddable":true,"href":"https:\/\/www.conselharan.org\/es\/wp-json\/wp\/v2\/tags?post=11749"}],"curies":[{"name":"wp","href":"https:\/\/api.w.org\/{rel}","templated":true}]}}