{"id":11760,"date":"2016-05-04T15:22:21","date_gmt":"2016-05-04T13:22:21","guid":{"rendered":"http:\/\/www.conselharan.org\/es\/?p=11760"},"modified":"2016-05-04T15:22:27","modified_gmt":"2016-05-04T13:22:27","slug":"el-conselh-generau-daran-activara-en-bagergue-el-protocolo-de-intervencion-en-osos-con-comportamiento-atipico","status":"publish","type":"post","link":"https:\/\/www.conselharan.org\/es\/el-conselh-generau-daran-activara-en-bagergue-el-protocolo-de-intervencion-en-osos-con-comportamiento-atipico\/","title":{"rendered":"El Conselh Generau d\u2019Aran activar\u00e1 en Bagergue el protocolo de intervenci\u00f3n en osos con comportamiento at\u00edpico"},"content":{"rendered":"<p>\u2022 <strong>En 15 d\u00edas el oso ha atacado 2 veces en Bagergue saltando el vallado del reba\u00f1o de ovejas.<\/strong><\/p>\n<p><strong>\u2022 El vallado posiblemente se rompi\u00f3 por las mismas ovejas asustadas ante la presencia del oso.<\/strong><\/p>\n<p>&nbsp;<\/p>\n<p><img loading=\"lazy\" decoding=\"async\" class=\"aligncenter size-large wp-image-11755\" src=\"http:\/\/www.conselharan.org\/wp-content\/uploads\/2016\/05\/bagergue-1024x576.jpg\" alt=\"bagergue\" width=\"1024\" height=\"576\" srcset=\"https:\/\/www.conselharan.org\/wp-content\/uploads\/2016\/05\/bagergue-1024x576.jpg 1024w, https:\/\/www.conselharan.org\/wp-content\/uploads\/2016\/05\/bagergue-300x169.jpg 300w, https:\/\/www.conselharan.org\/wp-content\/uploads\/2016\/05\/bagergue-768x432.jpg 768w, https:\/\/www.conselharan.org\/wp-content\/uploads\/2016\/05\/bagergue.jpg 1599w\" sizes=\"(max-width: 1024px) 100vw, 1024px\" \/><\/p>\n<p>&nbsp;<\/p>\n<p>Despu\u00e9s de los 2 ataques del oso en Bagergue en 15 d\u00edas, el Conselh Generau d\u2019Aran a trav\u00e9s del Departamento de Agricultura, Ganader\u00eda y Medio Natural de Aran activar\u00e1 en breve el protocolo de intervenci\u00f3n en casos de osos con comportamiento at\u00edpico.<\/p>\n<p>En este caso, el oso no llega al umbral de lo que se considera t\u00e9cnicamente <strong>\u201coso condicionado<\/strong>\u201d, es decir el oso asocia alimentos con instalaciones humanas.<\/p>\n<p>El Gov\u00e8rn de Aran aplicar\u00e1 medidas de condicionamiento aversivo, mediante presencia humana y disuasi\u00f3n ac\u00fastica para evitar que el oso llegue a ser un animal condicionado.<\/p>\n<p>&nbsp;<\/p>\n<p><img loading=\"lazy\" decoding=\"async\" class=\"aligncenter size-large wp-image-11756\" src=\"http:\/\/www.conselharan.org\/wp-content\/uploads\/2016\/05\/bagergue1-1024x576.jpg\" alt=\"bagergue1\" width=\"1024\" height=\"576\" srcset=\"https:\/\/www.conselharan.org\/wp-content\/uploads\/2016\/05\/bagergue1-1024x576.jpg 1024w, https:\/\/www.conselharan.org\/wp-content\/uploads\/2016\/05\/bagergue1-300x169.jpg 300w, https:\/\/www.conselharan.org\/wp-content\/uploads\/2016\/05\/bagergue1-768x432.jpg 768w, https:\/\/www.conselharan.org\/wp-content\/uploads\/2016\/05\/bagergue1.jpg 1600w\" sizes=\"(max-width: 1024px) 100vw, 1024px\" \/><\/p>\n<p>&nbsp;<\/p>\n<p>Por otro lado, se ha mejorado la protecci\u00f3n de las instalaciones de la explotaci\u00f3n ganadera.<\/p>\n<p>&nbsp;<\/p>\n<p>&nbsp;<\/p>\n<p>Vielha, 4 de mayo de 2016<\/p>\n<p>&nbsp;<\/p>\n<p><em>Conselh Generau d&#8217;Aran: N\u00faria Sanjuan<\/em><\/p>\n ","protected":false},"excerpt":{"rendered":"<p>\u2022 En 15 d\u00edas el oso ha atacado 2 veces en Bagergue saltando el vallado del reba\u00f1o de ovejas. \u2022 El vallado posiblemente se rompi\u00f3 por las mismas ovejas asustadas ante la presencia del oso. &nbsp; &nbsp; Despu\u00e9s de los 2 ataques del oso en Bagergue en 15 d\u00edas, el Conselh Generau d\u2019Aran a trav\u00e9s&#8230;<\/p>\n","protected":false},"author":2,"featured_media":11755,"comment_status":"closed","ping_status":"closed","sticky":false,"template":"","format":"standard","meta":{"footnotes":""},"categories":[52,126,37],"tags":[],"_links":{"self":[{"href":"https:\/\/www.conselharan.org\/es\/wp-json\/wp\/v2\/posts\/11760"}],"collection":[{"href":"https:\/\/www.conselharan.org\/es\/wp-json\/wp\/v2\/posts"}],"about":[{"href":"https:\/\/www.conselharan.org\/es\/wp-json\/wp\/v2\/types\/post"}],"author":[{"embeddable":true,"href":"https:\/\/www.conselharan.org\/es\/wp-json\/wp\/v2\/users\/2"}],"replies":[{"embeddable":true,"href":"https:\/\/www.conselharan.org\/es\/wp-json\/wp\/v2\/comments?post=11760"}],"version-history":[{"count":1,"href":"https:\/\/www.conselharan.org\/es\/wp-json\/wp\/v2\/posts\/11760\/revisions"}],"predecessor-version":[{"id":11761,"href":"https:\/\/www.conselharan.org\/es\/wp-json\/wp\/v2\/posts\/11760\/revisions\/11761"}],"wp:featuredmedia":[{"embeddable":true,"href":"https:\/\/www.conselharan.org\/es\/wp-json\/wp\/v2\/media\/11755"}],"wp:attachment":[{"href":"https:\/\/www.conselharan.org\/es\/wp-json\/wp\/v2\/media?parent=11760"}],"wp:term":[{"taxonomy":"category","embeddable":true,"href":"https:\/\/www.conselharan.org\/es\/wp-json\/wp\/v2\/categories?post=11760"},{"taxonomy":"post_tag","embeddable":true,"href":"https:\/\/www.conselharan.org\/es\/wp-json\/wp\/v2\/tags?post=11760"}],"curies":[{"name":"wp","href":"https:\/\/api.w.org\/{rel}","templated":true}]}}