{"id":12003,"date":"2016-05-18T12:54:22","date_gmt":"2016-05-18T10:54:22","guid":{"rendered":"http:\/\/www.conselharan.org\/es\/?p=12003"},"modified":"2016-05-18T12:54:22","modified_gmt":"2016-05-18T10:54:22","slug":"el-grupo-de-rescates-de-montana-de-los-pompiers-de-aran-realiza-unas-jornadas-practicas-en-los-alpes","status":"publish","type":"post","link":"https:\/\/www.conselharan.org\/es\/el-grupo-de-rescates-de-montana-de-los-pompiers-de-aran-realiza-unas-jornadas-practicas-en-los-alpes\/","title":{"rendered":"El Grupo de Rescates de Monta\u00f1a de los Pompi\u00e8rs de Aran realiza unas jornadas pr\u00e1cticas en los Alpes"},"content":{"rendered":"<p><img loading=\"lazy\" decoding=\"async\" class=\"aligncenter size-large wp-image-11992\" src=\"http:\/\/www.conselharan.org\/wp-content\/uploads\/2016\/05\/alps1-1024x768.jpg\" alt=\"alps1\" width=\"1024\" height=\"768\" srcset=\"https:\/\/www.conselharan.org\/wp-content\/uploads\/2016\/05\/alps1-1024x768.jpg 1024w, https:\/\/www.conselharan.org\/wp-content\/uploads\/2016\/05\/alps1-300x225.jpg 300w, https:\/\/www.conselharan.org\/wp-content\/uploads\/2016\/05\/alps1-768x576.jpg 768w, https:\/\/www.conselharan.org\/wp-content\/uploads\/2016\/05\/alps1.jpg 1600w\" sizes=\"(max-width: 1024px) 100vw, 1024px\" \/><\/p>\n<p>&nbsp;<\/p>\n<p>La semana pasada el <strong>Grupo de Rescates de Monta\u00f1a de los Pompi\u00e8rs de Aran<\/strong> realiz\u00f3 unas jornadas pr\u00e1cticas en los Alpes con monta\u00f1as de alturas superiores a los 4000m y con variedad de terrenos, canales de nieve, crestas t\u00e9cnicas y a\u00e9reas, glaciares, donde los Pompi\u00e8rs trabajaron sus t\u00e9cnicas y habilidades en este tipo de escenario, bastante parecido al que hay durante el invierno en la Val d\u2019Aran y Pirineo.<\/p>\n<p>&nbsp;<\/p>\n<p><img loading=\"lazy\" decoding=\"async\" class=\"aligncenter size-large wp-image-11999\" src=\"http:\/\/www.conselharan.org\/wp-content\/uploads\/2016\/05\/alps8-768x1024.jpg\" alt=\"alps8\" width=\"768\" height=\"1024\" srcset=\"https:\/\/www.conselharan.org\/wp-content\/uploads\/2016\/05\/alps8-768x1024.jpg 768w, https:\/\/www.conselharan.org\/wp-content\/uploads\/2016\/05\/alps8-225x300.jpg 225w, https:\/\/www.conselharan.org\/wp-content\/uploads\/2016\/05\/alps8.jpg 1200w\" sizes=\"(max-width: 768px) 100vw, 768px\" \/><\/p>\n<p>&nbsp;<\/p>\n<p>Estas jornadas pretenden mejorar las habilidades en los terrenos de monta\u00f1a de alta dificultad como por ejemplo: crestas, aristas, canales, glaciares, terrenos mixtos (piedra y nieve), todo esto mejorando la t\u00e9cnica usando el material adecuado para este terreno.<\/p>\n<p>&nbsp;<\/p>\n<p><img loading=\"lazy\" decoding=\"async\" class=\"aligncenter size-large wp-image-11991\" src=\"http:\/\/www.conselharan.org\/wp-content\/uploads\/2016\/05\/alps-1024x540.jpg\" alt=\"alps\" width=\"1024\" height=\"540\" srcset=\"https:\/\/www.conselharan.org\/wp-content\/uploads\/2016\/05\/alps-1024x540.jpg 1024w, https:\/\/www.conselharan.org\/wp-content\/uploads\/2016\/05\/alps-300x158.jpg 300w, https:\/\/www.conselharan.org\/wp-content\/uploads\/2016\/05\/alps-768x405.jpg 768w, https:\/\/www.conselharan.org\/wp-content\/uploads\/2016\/05\/alps.jpg 1600w\" sizes=\"(max-width: 1024px) 100vw, 1024px\" \/><\/p>\n<p>&nbsp;<\/p>\n<p>En palabras de <strong>Juanmi Riu,<\/strong> responsable del Grupo de Rescates de Monta\u00f1a de los Pompi\u00e8rs de Aran <strong>\u201cel objetivo de estas jornadas es conseguir m\u00e1s experiencia y tener m\u00e1s recursos para movernos con m\u00e1s seguridad y superar cualquier adversidad que nos salga en alg\u00fan servicio\u201d.<\/strong><\/p>\n<p>&nbsp;<\/p>\n<p><img loading=\"lazy\" decoding=\"async\" class=\"aligncenter size-large wp-image-11995\" src=\"http:\/\/www.conselharan.org\/wp-content\/uploads\/2016\/05\/alps4-1024x825.jpg\" alt=\"alps4\" width=\"1024\" height=\"825\" srcset=\"https:\/\/www.conselharan.org\/wp-content\/uploads\/2016\/05\/alps4-1024x825.jpg 1024w, https:\/\/www.conselharan.org\/wp-content\/uploads\/2016\/05\/alps4-300x242.jpg 300w, https:\/\/www.conselharan.org\/wp-content\/uploads\/2016\/05\/alps4-768x619.jpg 768w, https:\/\/www.conselharan.org\/wp-content\/uploads\/2016\/05\/alps4.jpg 1600w\" sizes=\"(max-width: 1024px) 100vw, 1024px\" \/><\/p>\n<p>&nbsp;<\/p>\n<p><strong>Riu<\/strong> ha a\u00f1adido <strong>\u201cotro de los objetivos de estas jornadas es hacer cohesi\u00f3n de grupo, un aspecto importante para nuestra actividad, rescate en monta\u00f1a, donde pensamos que es importante el colectivo, no las individualidades\u201d.<\/strong><\/p>\n<p>&nbsp;<\/p>\n<p><img loading=\"lazy\" decoding=\"async\" class=\"aligncenter size-large wp-image-11997\" src=\"http:\/\/www.conselharan.org\/wp-content\/uploads\/2016\/05\/alps6-1024x689.jpg\" alt=\"alps6\" width=\"1024\" height=\"689\" srcset=\"https:\/\/www.conselharan.org\/wp-content\/uploads\/2016\/05\/alps6-1024x689.jpg 1024w, https:\/\/www.conselharan.org\/wp-content\/uploads\/2016\/05\/alps6-300x202.jpg 300w, https:\/\/www.conselharan.org\/wp-content\/uploads\/2016\/05\/alps6-768x516.jpg 768w, https:\/\/www.conselharan.org\/wp-content\/uploads\/2016\/05\/alps6.jpg 1600w\" sizes=\"(max-width: 1024px) 100vw, 1024px\" \/><\/p>\n<p>&nbsp;<\/p>\n<p>El sindic de Aran, <strong>Carlos Barrera<\/strong>, ha manifestado <strong>\u201cel Gov\u00e8rn de Aran siempre ha priorizado la seguridad de las personas que hacen actividad en el entorno natural de la Val d\u2019Aran c\u00f3mo uno de los elementos de nuestro destino tur\u00edstico de esqu\u00ed de alta monta\u00f1a y por eso la formaci\u00f3n continua del Grupo de Rescates de Monta\u00f1a de los Pompi\u00e8rs de Aran es prioritaria para lograr este objetivo de seguridad\u201d.<\/strong><\/p>\n<p>&nbsp;<\/p>\n<p><img loading=\"lazy\" decoding=\"async\" class=\"aligncenter size-large wp-image-11993\" src=\"http:\/\/www.conselharan.org\/wp-content\/uploads\/2016\/05\/alps2-1024x768.jpg\" alt=\"alps2\" width=\"1024\" height=\"768\" srcset=\"https:\/\/www.conselharan.org\/wp-content\/uploads\/2016\/05\/alps2-1024x768.jpg 1024w, https:\/\/www.conselharan.org\/wp-content\/uploads\/2016\/05\/alps2-300x225.jpg 300w, https:\/\/www.conselharan.org\/wp-content\/uploads\/2016\/05\/alps2-768x576.jpg 768w, https:\/\/www.conselharan.org\/wp-content\/uploads\/2016\/05\/alps2.jpg 1600w\" sizes=\"(max-width: 1024px) 100vw, 1024px\" \/><\/p>\n<p>&nbsp;<\/p>\n<p>&nbsp;<\/p>\n<p>&nbsp;<\/p>\n<p>Vielha, 18 de mayo de 2016<\/p>\n<p>&nbsp;<\/p>\n<p><em>Conselh Generau d&#8217;Aran: N\u00faria Sanjuan<\/em><\/p>\n<p><em>Fuente: Grupo de Rescates de Monta\u00f1a de los Pompi\u00e8rs de Aran<\/em><\/p>\n<p>&nbsp;<\/p>\n ","protected":false},"excerpt":{"rendered":"<p>&nbsp; La semana pasada el Grupo de Rescates de Monta\u00f1a de los Pompi\u00e8rs de Aran realiz\u00f3 unas jornadas pr\u00e1cticas en los Alpes con monta\u00f1as de alturas superiores a los 4000m y con variedad de terrenos, canales de nieve, crestas t\u00e9cnicas y a\u00e9reas, glaciares, donde los Pompi\u00e8rs trabajaron sus t\u00e9cnicas y habilidades en este tipo de&#8230;<\/p>\n","protected":false},"author":2,"featured_media":11992,"comment_status":"closed","ping_status":"closed","sticky":false,"template":"","format":"standard","meta":{"footnotes":""},"categories":[52,37],"tags":[],"_links":{"self":[{"href":"https:\/\/www.conselharan.org\/es\/wp-json\/wp\/v2\/posts\/12003"}],"collection":[{"href":"https:\/\/www.conselharan.org\/es\/wp-json\/wp\/v2\/posts"}],"about":[{"href":"https:\/\/www.conselharan.org\/es\/wp-json\/wp\/v2\/types\/post"}],"author":[{"embeddable":true,"href":"https:\/\/www.conselharan.org\/es\/wp-json\/wp\/v2\/users\/2"}],"replies":[{"embeddable":true,"href":"https:\/\/www.conselharan.org\/es\/wp-json\/wp\/v2\/comments?post=12003"}],"version-history":[{"count":1,"href":"https:\/\/www.conselharan.org\/es\/wp-json\/wp\/v2\/posts\/12003\/revisions"}],"predecessor-version":[{"id":12004,"href":"https:\/\/www.conselharan.org\/es\/wp-json\/wp\/v2\/posts\/12003\/revisions\/12004"}],"wp:featuredmedia":[{"embeddable":true,"href":"https:\/\/www.conselharan.org\/es\/wp-json\/wp\/v2\/media\/11992"}],"wp:attachment":[{"href":"https:\/\/www.conselharan.org\/es\/wp-json\/wp\/v2\/media?parent=12003"}],"wp:term":[{"taxonomy":"category","embeddable":true,"href":"https:\/\/www.conselharan.org\/es\/wp-json\/wp\/v2\/categories?post=12003"},{"taxonomy":"post_tag","embeddable":true,"href":"https:\/\/www.conselharan.org\/es\/wp-json\/wp\/v2\/tags?post=12003"}],"curies":[{"name":"wp","href":"https:\/\/api.w.org\/{rel}","templated":true}]}}