{"id":12016,"date":"2016-05-19T19:30:33","date_gmt":"2016-05-19T17:30:33","guid":{"rendered":"http:\/\/www.conselharan.org\/es\/?p=12016"},"modified":"2016-05-19T19:30:33","modified_gmt":"2016-05-19T17:30:33","slug":"todo-a-punto-en-la-val-daran-para-recibir-la-9a-etapa-del-tour-2016","status":"publish","type":"post","link":"https:\/\/www.conselharan.org\/es\/todo-a-punto-en-la-val-daran-para-recibir-la-9a-etapa-del-tour-2016\/","title":{"rendered":"Todo a punto en la Val d&#8217;Aran para recibir la 9\u00aa etapa del Tour 2016"},"content":{"rendered":"<h3>Federico Mart\u00edn Bahamontes, Miguel Indur\u00e1in, Pedro Delgado y Oscar Pereiro estar\u00e1n en el homenaje de la Val d\u2019Aran a los ganadores del Tour el d\u00eda 27 de mayo<\/h3>\n<h3>Esta tarde se ha presentado en Toulouse la etapa aranesa del Tour 2016 y el nuevo microsite dedicado al cicloturismo \u00abAran Total Bike\u00bb<\/h3>\n<p>Vielha, 19 de mayo de 2016.- El sindic d\u2019Aran <strong>Carlos Barrera<\/strong>, confirm\u00f3 hoy que el primer ganador espa\u00f1ol del Tour de Francia, <strong>Federico Mart\u00edn Bahamontes<\/strong>, asistir\u00e1 al homenaje organizado por el Conselh Generau d\u2019Aran a los ganadores espa\u00f1oles del Tour de Francia, con motivo de los actos organizados en torno a la 9\u00aa etapa del Tour 2016, que saldr\u00e1 de Vielha-Valle de Aran el d\u00eda 10 de Julio.<\/p>\n<p>Ser\u00e1 el pr\u00f3ximo viernes d\u00eda 27 de mayo en un acto presidido por el sindic d\u2019Aran <strong>Carlos Barrera<\/strong>, que el Valle de Aran rendir\u00e1 homenaje a los siete ciclistas espa\u00f1oles que en alguna ocasi\u00f3n se han proclamado vencedores del Tour de Francia.<\/p>\n<p>Los siete ciclistas espa\u00f1oles ganadores del Tour son <strong>Federico Mart\u00edn Bahamontes, Luis Oca\u00f1a, Pedro Delgado, Miguel Indur\u00e1in, Oscar Pereiro, Alberto Contador y Carlos Sastre<\/strong>, que por orden cronol\u00f3gico dispondr\u00e1n de una curva.<\/p>\n<p>Los actos comenzar\u00e1n a las 11h con una recepci\u00f3n oficial en la sede del Conselh Generau d\u2019Aran.<\/p>\n<p>M\u00e1s tarde a las 12h, ser\u00e1 cuando en el mirador del Portillon se har\u00e1 la inauguraci\u00f3n oficial de un monolito conmemorativo obra de David Garcia Ariza, con los nombres de los ciclistas, que a su vez tendr\u00e1n cada uno de ellos un hito en cada una de las siete grandes curvas de la vertiente aranesa de la carretera del Portillon, con su nombre y la fecha de la edici\u00f3n en que se proclamaron ganadores del Tour de Francia.<\/p>\n<p>El evento contar\u00e1 con la presencia de cuatro de los siete ciclistas, Miguel Indur\u00e1in, Federico Mart\u00edn Bahamontes, Oscar Pereiro, y Pedro Delgado, adem\u00e1s de familiares del desaparecido Luis Oca\u00f1a. Carlos Sastre y Alberto Contador, han excusado su presencia por motivos laborales. Los actos terminar\u00e1n con una rueda de prensa y la visita a las instalaciones de Aran Park.<\/p>\n<p>&nbsp;<\/p>\n<p><a href=\"http:\/\/www.conselharan.org\/wp-content\/uploads\/2016\/05\/Monolitowweb.jpg\"><img loading=\"lazy\" decoding=\"async\" class=\"aligncenter size-full wp-image-12014\" src=\"http:\/\/www.conselharan.org\/wp-content\/uploads\/2016\/05\/Monolitowweb.jpg\" alt=\"Monolitowweb\" width=\"400\" height=\"466\" srcset=\"https:\/\/www.conselharan.org\/wp-content\/uploads\/2016\/05\/Monolitowweb.jpg 400w, https:\/\/www.conselharan.org\/wp-content\/uploads\/2016\/05\/Monolitowweb-258x300.jpg 258w\" sizes=\"(max-width: 400px) 100vw, 400px\" \/><\/a><\/p>\n<h3><strong>Presentaci\u00f3n de la etapa aranesa del Tour 2016 en Toulouse<\/strong><\/h3>\n<p>&nbsp;<\/p>\n<p>El <strong>Conselh Generau d\u2019Aran<\/strong> ha presentado esta tarde la 9\u00aa etapa del Tour de Francia 2016 que se disputar\u00e1 por tierras aranesas el domingo 10 de julio. La presentaci\u00f3n ha tenido lugar en la oficina de Turismo de Val d&#8217;Aran y Baqueira Beret en Toulouse, y ha contado con la presencia de <strong>Anna D\u00edaz<\/strong>, consejera de Turismo y desarrollo econ\u00f3mico y <strong>Jos\u00e9 Antonio Boya<\/strong>, consejero de Territorio del Conselh Generau d\u2019Aran.<\/p>\n<p>Durante la presentaci\u00f3n adem\u00e1s de dar a conocer los detalles organizativos y los dispositivos operativos previstos para la etapa, se ha presentado el <strong>nuevo microsite Aran Total Bike<\/strong>, vinculado a la web de Turismo de Val d&#8217;Aran. En este espacio web, con 84 secciones en cuatro idiomas, se encontrar\u00e1 centralizada toda la informaci\u00f3n sobre BTT, cicloturismo, DH y enduro, con rutas de diferentes niveles y dificultades, eventos ciclistas, noticias y empresas especializadas de la Val d&#8217;Aran.<\/p>\n<p>El domingo 5 de junio, se celebrar\u00e1 una pedalada popular para todos los aficionados al cicloturismo, y un concurso de dibujos sobre el Tour de Francia en el que participar\u00e1n los escolares de la Val d&#8217;Aran.<\/p>\n<p>Con un trazado in\u00e9dito hasta ahora en la historia de la carrera, la 9\u00aa etapa del Tour de Francia 2016 saldr\u00e1 de Vielha el pr\u00f3ximo 10 de julio y tendr\u00e1 un recorrido de 184,5 Km pasando por 5 puertos de monta\u00f1a. La etapa aranesa es una de las elegidas para ser emitida \u00edntegramente en directo por televisi\u00f3n.<\/p>\n<p><a href=\"http:\/\/www.conselharan.org\/wp-content\/uploads\/2016\/05\/IMG-20160519-WA0006.jpg\"><img loading=\"lazy\" decoding=\"async\" class=\"aligncenter size-large wp-image-12013\" src=\"http:\/\/www.conselharan.org\/wp-content\/uploads\/2016\/05\/IMG-20160519-WA0006-1024x576.jpg\" alt=\"IMG-20160519-WA0006\" width=\"1024\" height=\"576\" srcset=\"https:\/\/www.conselharan.org\/wp-content\/uploads\/2016\/05\/IMG-20160519-WA0006-1024x576.jpg 1024w, https:\/\/www.conselharan.org\/wp-content\/uploads\/2016\/05\/IMG-20160519-WA0006-300x169.jpg 300w, https:\/\/www.conselharan.org\/wp-content\/uploads\/2016\/05\/IMG-20160519-WA0006-768x432.jpg 768w, https:\/\/www.conselharan.org\/wp-content\/uploads\/2016\/05\/IMG-20160519-WA0006.jpg 1328w\" sizes=\"(max-width: 1024px) 100vw, 1024px\" \/><\/a><\/p>\n ","protected":false},"excerpt":{"rendered":"<p>Federico Mart\u00edn Bahamontes, Miguel Indur\u00e1in, Pedro Delgado y Oscar Pereiro estar\u00e1n en el homenaje de la Val d\u2019Aran a los ganadores del Tour el d\u00eda 27 de mayo Esta tarde se ha presentado en Toulouse la etapa aranesa del Tour 2016 y el nuevo microsite dedicado al cicloturismo \u00abAran Total Bike\u00bb Vielha, 19 de mayo&#8230;<\/p>\n","protected":false},"author":2,"featured_media":12013,"comment_status":"closed","ping_status":"closed","sticky":false,"template":"","format":"standard","meta":{"footnotes":""},"categories":[52,37],"tags":[],"_links":{"self":[{"href":"https:\/\/www.conselharan.org\/es\/wp-json\/wp\/v2\/posts\/12016"}],"collection":[{"href":"https:\/\/www.conselharan.org\/es\/wp-json\/wp\/v2\/posts"}],"about":[{"href":"https:\/\/www.conselharan.org\/es\/wp-json\/wp\/v2\/types\/post"}],"author":[{"embeddable":true,"href":"https:\/\/www.conselharan.org\/es\/wp-json\/wp\/v2\/users\/2"}],"replies":[{"embeddable":true,"href":"https:\/\/www.conselharan.org\/es\/wp-json\/wp\/v2\/comments?post=12016"}],"version-history":[{"count":1,"href":"https:\/\/www.conselharan.org\/es\/wp-json\/wp\/v2\/posts\/12016\/revisions"}],"predecessor-version":[{"id":12017,"href":"https:\/\/www.conselharan.org\/es\/wp-json\/wp\/v2\/posts\/12016\/revisions\/12017"}],"wp:featuredmedia":[{"embeddable":true,"href":"https:\/\/www.conselharan.org\/es\/wp-json\/wp\/v2\/media\/12013"}],"wp:attachment":[{"href":"https:\/\/www.conselharan.org\/es\/wp-json\/wp\/v2\/media?parent=12016"}],"wp:term":[{"taxonomy":"category","embeddable":true,"href":"https:\/\/www.conselharan.org\/es\/wp-json\/wp\/v2\/categories?post=12016"},{"taxonomy":"post_tag","embeddable":true,"href":"https:\/\/www.conselharan.org\/es\/wp-json\/wp\/v2\/tags?post=12016"}],"curies":[{"name":"wp","href":"https:\/\/api.w.org\/{rel}","templated":true}]}}